{"id":733,"date":"2019-04-03T20:43:35","date_gmt":"2019-04-03T19:43:35","guid":{"rendered":"http:\/\/wp.catedu.es\/lepoidsdesmots\/?p=733"},"modified":"2019-04-03T21:35:20","modified_gmt":"2019-04-03T20:35:20","slug":"la-degustation-de-fromages","status":"publish","type":"post","link":"https:\/\/wp.catedu.es\/lepoidsdesmots\/la-degustation-de-fromages\/","title":{"rendered":"La d\u00e9gustation de fromages"},"content":{"rendered":"<p><img loading=\"lazy\" decoding=\"async\" class=\"wp-image-734 alignleft\" src=\"http:\/\/wp.catedu.es\/lepoidsdesmots\/wp-content\/uploads\/sites\/66\/2019\/04\/IMG_0976R-288x300.jpg\" alt=\"\" width=\"149\" height=\"155\" srcset=\"https:\/\/wp.catedu.es\/lepoidsdesmots\/wp-content\/uploads\/sites\/66\/2019\/04\/IMG_0976R-288x300.jpg 288w, https:\/\/wp.catedu.es\/lepoidsdesmots\/wp-content\/uploads\/sites\/66\/2019\/04\/IMG_0976R-768x800.jpg 768w, https:\/\/wp.catedu.es\/lepoidsdesmots\/wp-content\/uploads\/sites\/66\/2019\/04\/IMG_0976R-983x1024.jpg 983w, https:\/\/wp.catedu.es\/lepoidsdesmots\/wp-content\/uploads\/sites\/66\/2019\/04\/IMG_0976R.jpg 1813w\" sizes=\"auto, (max-width: 149px) 100vw, 149px\" \/>Mercredi derrier, la classe de fran\u00e7ais de 4\u00e8me, nous avons fait une d\u00e9gustation de fromages \u00e0 l&#8217;aveugle, \u00e7a veut dire que nous avons mang\u00e9 une s\u00e9lection de 6 fromages,<img loading=\"lazy\" decoding=\"async\" class=\"wp-image-735 alignright\" src=\"http:\/\/wp.catedu.es\/lepoidsdesmots\/wp-content\/uploads\/sites\/66\/2019\/04\/IMG_0978-e1554318145997-300x224.jpg\" alt=\"\" width=\"203\" height=\"151\" srcset=\"https:\/\/wp.catedu.es\/lepoidsdesmots\/wp-content\/uploads\/sites\/66\/2019\/04\/IMG_0978-e1554318145997-300x224.jpg 300w, https:\/\/wp.catedu.es\/lepoidsdesmots\/wp-content\/uploads\/sites\/66\/2019\/04\/IMG_0978-e1554318145997-768x574.jpg 768w, https:\/\/wp.catedu.es\/lepoidsdesmots\/wp-content\/uploads\/sites\/66\/2019\/04\/IMG_0978-e1554318145997-1024x765.jpg 1024w\" sizes=\"auto, (max-width: 203px) 100vw, 203px\" \/> sans savoir quel \u00e9tait son nom, et nous avons d\u00fb essayer de le deviner.<\/p>\n<p>Une semaine \u00e0 l&#8217;avance, notre professeur de fran\u00e7ais nous a donn\u00e9 une fiche avec de l&#8217;information sur les fromages. Il y en avait 6; le Bleu d&#8217;Auvergne, le Brie, le Camembert, le Roquefort, le Gruy\u00e8re et l&#8217; Emmental, donc, nous connaissions las caract\u00e9ristiques des fromages \u00e0 l&#8217;avance.<\/p>\n<p>Quand nous sommes arriv\u00e9s le jour de la d\u00e9gustation, Ester, la prof de fran\u00e7ais, qui participait \u00e0 la d\u00e9gustation aussi, nous a pos\u00e9 des questions <img loading=\"lazy\" decoding=\"async\" class=\" wp-image-283 alignleft\" src=\"http:\/\/wp.catedu.es\/lepoidsdesmots\/wp-content\/uploads\/sites\/66\/2018\/06\/BEBB4949-30AD-4128-A6A9-E95578E354D1-e1528096089392-300x224.jpeg\" alt=\"\" width=\"151\" height=\"113\" srcset=\"https:\/\/wp.catedu.es\/lepoidsdesmots\/wp-content\/uploads\/sites\/66\/2018\/06\/BEBB4949-30AD-4128-A6A9-E95578E354D1-e1528096089392-300x224.jpeg 300w, https:\/\/wp.catedu.es\/lepoidsdesmots\/wp-content\/uploads\/sites\/66\/2018\/06\/BEBB4949-30AD-4128-A6A9-E95578E354D1-e1528096089392-768x574.jpeg 768w, https:\/\/wp.catedu.es\/lepoidsdesmots\/wp-content\/uploads\/sites\/66\/2018\/06\/BEBB4949-30AD-4128-A6A9-E95578E354D1-e1528096089392-1024x765.jpeg 1024w\" sizes=\"auto, (max-width: 151px) 100vw, 151px\" \/>sur les fromages, principalement sur leur origine et leur saveur.<\/p>\n<p>Quand Sergio, le proffeseur a fini de couper les fromages, il est arriv\u00e9, et il a emmen\u00e9, un grand plateau, recouvert de fromage.<img loading=\"lazy\" decoding=\"async\" class=\" wp-image-737 alignright\" src=\"http:\/\/wp.catedu.es\/lepoidsdesmots\/wp-content\/uploads\/sites\/66\/2019\/04\/emmental-300x212.jpg\" alt=\"\" width=\"165\" height=\"117\" srcset=\"https:\/\/wp.catedu.es\/lepoidsdesmots\/wp-content\/uploads\/sites\/66\/2019\/04\/emmental-300x212.jpg 300w, https:\/\/wp.catedu.es\/lepoidsdesmots\/wp-content\/uploads\/sites\/66\/2019\/04\/emmental.jpg 345w\" sizes=\"auto, (max-width: 165px) 100vw, 165px\" \/><\/p>\n<p>Il venait aussi, avec une carte, o\u00f9 il nous a montr\u00e9 o\u00f9 \u00e9tait l&#8217;origine de chaque fromage.<\/p>\n<p><img loading=\"lazy\" decoding=\"async\" class=\" wp-image-738 alignleft\" src=\"http:\/\/wp.catedu.es\/lepoidsdesmots\/wp-content\/uploads\/sites\/66\/2019\/04\/banner-9-300x254.png\" alt=\"\" width=\"175\" height=\"148\" srcset=\"https:\/\/wp.catedu.es\/lepoidsdesmots\/wp-content\/uploads\/sites\/66\/2019\/04\/banner-9-300x254.png 300w, https:\/\/wp.catedu.es\/lepoidsdesmots\/wp-content\/uploads\/sites\/66\/2019\/04\/banner-9.png 388w\" sizes=\"auto, (max-width: 175px) 100vw, 175px\" \/> Tous les fromages, sauf le Gruy\u00e8re qui \u00e9tait suisse, \u00e9taient fran\u00e7ais.<\/p>\n<p>Nous avons mang\u00e9, donc, des fromages moins forts aux plus forts, une chose tr\u00e8s importante \u00e0 faire quand on mange du fromage, car si on commence par le plus fort, on perd la saveur des autres.<img loading=\"lazy\" decoding=\"async\" class=\" wp-image-739 alignright\" src=\"http:\/\/wp.catedu.es\/lepoidsdesmots\/wp-content\/uploads\/sites\/66\/2019\/04\/Queso-Brie-vs-Camembert-300x147.jpg\" alt=\"\" width=\"182\" height=\"89\" srcset=\"https:\/\/wp.catedu.es\/lepoidsdesmots\/wp-content\/uploads\/sites\/66\/2019\/04\/Queso-Brie-vs-Camembert-300x147.jpg 300w, https:\/\/wp.catedu.es\/lepoidsdesmots\/wp-content\/uploads\/sites\/66\/2019\/04\/Queso-Brie-vs-Camembert.jpg 750w\" sizes=\"auto, (max-width: 182px) 100vw, 182px\" \/><\/p>\n<p>Nous avons essay\u00e9 de deviner le nom du fromage, l&#8217;ordre correcte pour les manger est: D&#8217;abord, l&#8217;Emmental, le Gruy\u00e8re, le Brie, le\u00a0 Camembert, et pour finisser, les bleus, \u00e7a veut dire, le Bleu d&#8217;Auvergne et le Roquefort.<\/p>\n<p><img loading=\"lazy\" decoding=\"async\" class=\"wp-image-740 alignleft\" src=\"http:\/\/wp.catedu.es\/lepoidsdesmots\/wp-content\/uploads\/sites\/66\/2019\/04\/queso-camembert-editada-300x169.jpg\" alt=\"\" width=\"189\" height=\"107\" srcset=\"https:\/\/wp.catedu.es\/lepoidsdesmots\/wp-content\/uploads\/sites\/66\/2019\/04\/queso-camembert-editada-300x169.jpg 300w, https:\/\/wp.catedu.es\/lepoidsdesmots\/wp-content\/uploads\/sites\/66\/2019\/04\/queso-camembert-editada-768x432.jpg 768w, https:\/\/wp.catedu.es\/lepoidsdesmots\/wp-content\/uploads\/sites\/66\/2019\/04\/queso-camembert-editada-1024x576.jpg 1024w, https:\/\/wp.catedu.es\/lepoidsdesmots\/wp-content\/uploads\/sites\/66\/2019\/04\/queso-camembert-editada.jpg 1242w\" sizes=\"auto, (max-width: 189px) 100vw, 189px\" \/> \u00c0 mon avis, le Brie \u00e9tais tr\u00e8s bon, parce que je n&#8217;aime pas beaucoup les fromages qui sont tr\u00e8s forts.<img loading=\"lazy\" decoding=\"async\" class=\"wp-image-742 alignright\" src=\"http:\/\/wp.catedu.es\/lepoidsdesmots\/wp-content\/uploads\/sites\/66\/2019\/04\/516EUorf5ML._SY355_-300x300.jpg\" alt=\"\" width=\"166\" height=\"166\" srcset=\"https:\/\/wp.catedu.es\/lepoidsdesmots\/wp-content\/uploads\/sites\/66\/2019\/04\/516EUorf5ML._SY355_-300x300.jpg 300w, https:\/\/wp.catedu.es\/lepoidsdesmots\/wp-content\/uploads\/sites\/66\/2019\/04\/516EUorf5ML._SY355_-150x150.jpg 150w, https:\/\/wp.catedu.es\/lepoidsdesmots\/wp-content\/uploads\/sites\/66\/2019\/04\/516EUorf5ML._SY355_.jpg 355w\" sizes=\"auto, (max-width: 166px) 100vw, 166px\" \/><\/p>\n<p>Selon moi, nous nous sommes beaucoup eclat\u00e9s et j&#8217;ai essay\u00e9 de manger des fromages que je n&#8217;aurais pas mang\u00e9 apr\u00e8s (et que j&#8217;\u00e9sp\u00e8re de ne plus manger) C&#8217;est une blague!<\/p>\n<p>J&#8217;ai beaucoup aim\u00e9 l&#8217;exp\u00e9rience.<img loading=\"lazy\" decoding=\"async\" class=\"wp-image-741 alignright\" src=\"http:\/\/wp.catedu.es\/lepoidsdesmots\/wp-content\/uploads\/sites\/66\/2019\/04\/bleu-d-auvergne-1_large-300x300.jpg\" alt=\"\" width=\"156\" height=\"156\" srcset=\"https:\/\/wp.catedu.es\/lepoidsdesmots\/wp-content\/uploads\/sites\/66\/2019\/04\/bleu-d-auvergne-1_large-300x300.jpg 300w, https:\/\/wp.catedu.es\/lepoidsdesmots\/wp-content\/uploads\/sites\/66\/2019\/04\/bleu-d-auvergne-1_large-150x150.jpg 150w, https:\/\/wp.catedu.es\/lepoidsdesmots\/wp-content\/uploads\/sites\/66\/2019\/04\/bleu-d-auvergne-1_large.jpg 480w\" sizes=\"auto, (max-width: 156px) 100vw, 156px\" \/><\/p>\n<p><img loading=\"lazy\" decoding=\"async\" class=\"alignnone wp-image-743\" src=\"http:\/\/wp.catedu.es\/lepoidsdesmots\/wp-content\/uploads\/sites\/66\/2019\/04\/IMG_0977-e1554319908479-300x224.jpg\" alt=\"\" width=\"225\" height=\"168\" srcset=\"https:\/\/wp.catedu.es\/lepoidsdesmots\/wp-content\/uploads\/sites\/66\/2019\/04\/IMG_0977-e1554319908479-300x224.jpg 300w, https:\/\/wp.catedu.es\/lepoidsdesmots\/wp-content\/uploads\/sites\/66\/2019\/04\/IMG_0977-e1554319908479-768x574.jpg 768w, https:\/\/wp.catedu.es\/lepoidsdesmots\/wp-content\/uploads\/sites\/66\/2019\/04\/IMG_0977-e1554319908479-1024x765.jpg 1024w\" sizes=\"auto, (max-width: 225px) 100vw, 225px\" \/> Amor Bernal , 4\u00e8me B.<\/p>\n","protected":false},"excerpt":{"rendered":"<p>Mercredi derrier, la classe de fran\u00e7ais de 4\u00e8me, nous avons fait une d\u00e9gustation de fromages \u00e0 l&#8217;aveugle, \u00e7a veut dire que nous avons mang\u00e9 une s\u00e9lection de 6 fromages, sans savoir quel \u00e9tait son nom, et nous avons d\u00fb essayer de le deviner. Une semaine \u00e0 l&#8217;avance, notre professeur de fran\u00e7ais nous a donn\u00e9 une [&hellip;]<\/p>\n","protected":false},"author":260,"featured_media":0,"comment_status":"open","ping_status":"closed","sticky":false,"template":"","format":"standard","meta":{"footnotes":""},"categories":[1],"tags":[],"class_list":["post-733","post","type-post","status-publish","format-standard","hentry","category-sin-categoria"],"_links":{"self":[{"href":"https:\/\/wp.catedu.es\/lepoidsdesmots\/wp-json\/wp\/v2\/posts\/733","targetHints":{"allow":["GET"]}}],"collection":[{"href":"https:\/\/wp.catedu.es\/lepoidsdesmots\/wp-json\/wp\/v2\/posts"}],"about":[{"href":"https:\/\/wp.catedu.es\/lepoidsdesmots\/wp-json\/wp\/v2\/types\/post"}],"author":[{"embeddable":true,"href":"https:\/\/wp.catedu.es\/lepoidsdesmots\/wp-json\/wp\/v2\/users\/260"}],"replies":[{"embeddable":true,"href":"https:\/\/wp.catedu.es\/lepoidsdesmots\/wp-json\/wp\/v2\/comments?post=733"}],"version-history":[{"count":8,"href":"https:\/\/wp.catedu.es\/lepoidsdesmots\/wp-json\/wp\/v2\/posts\/733\/revisions"}],"predecessor-version":[{"id":752,"href":"https:\/\/wp.catedu.es\/lepoidsdesmots\/wp-json\/wp\/v2\/posts\/733\/revisions\/752"}],"wp:attachment":[{"href":"https:\/\/wp.catedu.es\/lepoidsdesmots\/wp-json\/wp\/v2\/media?parent=733"}],"wp:term":[{"taxonomy":"category","embeddable":true,"href":"https:\/\/wp.catedu.es\/lepoidsdesmots\/wp-json\/wp\/v2\/categories?post=733"},{"taxonomy":"post_tag","embeddable":true,"href":"https:\/\/wp.catedu.es\/lepoidsdesmots\/wp-json\/wp\/v2\/tags?post=733"}],"curies":[{"name":"wp","href":"https:\/\/api.w.org\/{rel}","templated":true}]}}