{"id":887,"date":"2021-04-09T18:13:34","date_gmt":"2021-04-09T17:13:34","guid":{"rendered":"http:\/\/wp.catedu.es\/lepoidsdesmots\/?p=887"},"modified":"2021-04-09T18:13:34","modified_gmt":"2021-04-09T17:13:34","slug":"critique-du-roman-lenfant-de-sable-de-tahar-ben-jelloun","status":"publish","type":"post","link":"https:\/\/wp.catedu.es\/lepoidsdesmots\/critique-du-roman-lenfant-de-sable-de-tahar-ben-jelloun\/","title":{"rendered":"Critique du roman L&#8217;enfant de sable, de Tahar Ben Jelloun"},"content":{"rendered":"<p style=\"text-align: justify\"><em>L\u2019enfant de sable<\/em> c\u2019est une oeuvre tr\u00e8s dure et cruelle;\u00a0 elle se d\u00e9roule dans les ann\u00e9es cinquante,\u00a0 bien que elle ait \u00e9t\u00e9 \u00e9crite dans les ann\u00e9es 80 au Maroc.<\/p>\n<p style=\"text-align: justify\">Le livre est une critique de cette soci\u00e9t\u00e9 dans laquelle \u00eatre un homme est un privil\u00e8ge et \u00eatre une femme est une punition.<\/p>\n<p style=\"text-align: justify\">C\u2019est un livre situ\u00e9 dans le \u201c r\u00e9alisme magique\u201d\u00a0 pour les images qu\u2019il reconstitue.<\/p>\n<p style=\"text-align: justify\">Un conteur (figure arabe qui se mettait sur les places pour raconter des histoires,\u00a0 un jongleur)\u00a0 d\u2019un quartier populaire de Marrakech,dit qu\u2019il y a le journal intime de la protagoniste du r\u00e9cit qu\u2019il va raconter: En effet, l\u2019histoire qu\u2019il raconte est celle d\u2019Ahmed, la huiti\u00e8me fille d\u2019une couple dans laquelle Hajji Ahmed Suleyman, en assez d\u2019avoir des filles et, la derni\u00e8re fois il d\u00e9cide de faire de sa derni\u00e8re fille un gar\u00e7on pour qu\u2019il jouisse des privil\u00e8ges et h\u00e9rite de toute sa lign\u00e9e.<\/p>\n<p style=\"text-align: justify\">\u00c0 ce moment, le contexte social est tr\u00e8s important, car Hajji maltraite sa femme et lui reproche de ne pas lui donner fils.<\/p>\n<p style=\"text-align: justify\">En plus,on peut voir la situation si dure que les femmes vivaient dans ces pays et le pouvoir de l\u2019homme que, par ces caprices, est capable de confisquer la vie de sa fille comme femme.<\/p>\n<p style=\"text-align: justify\">Cette nouvelle identit\u00e9 masculine ne sera connue que de ses parents et, au fil du r\u00e9cit, sont racont\u00e9s les changements que doit souffrir la fille et la dissimulation de son propre genre. Elle se bande la poitrine et son p\u00e8re feint une circoncision.<\/p>\n<p style=\"text-align: justify\">Ahmed \u00e9pouse sa cousine, Fatima, qui est malade et meurt peu apr\u00e8s. Ahmed paie sa frustration avec elle.<\/p>\n<p style=\"text-align: justify\">Son p\u00e8re meurt aussi et sa m\u00e8re entre dans un \u00e9tat de folie.<\/p>\n<p style=\"text-align: justify\">Ahmed quitte sa maison quand son p\u00e8re est d\u00e9j\u00e0\u00a0 mort; il commence \u00e0 se d\u00e9couvrir comme femme.<\/p>\n<p style=\"text-align: justify\">Ahmed travaille dans un cirque comme danseuse, o\u00f9 on se moque d\u2019elle; encore, elle est viol\u00e9e par le fils de la propri\u00e9taire.<\/p>\n<p style=\"text-align: justify\">Selon le narrateur, la jeune meurt dans cet \u00e9pisode violent.<\/p>\n<p style=\"text-align: justify\">Mais l\u2019histoire continue Zhara(son nom de femme) , d\u00e9j\u00e0 vieille, continue \u00e0 raconter son histoire.<\/p>\n<p><img loading=\"lazy\" decoding=\"async\" class=\"alignnone  wp-image-888 aligncenter\" src=\"http:\/\/wp.catedu.es\/lepoidsdesmots\/wp-content\/uploads\/sites\/66\/2021\/04\/IMG_20210409_175919-1-205x300.jpg\" alt=\"\" width=\"289\" height=\"423\" srcset=\"https:\/\/wp.catedu.es\/lepoidsdesmots\/wp-content\/uploads\/sites\/66\/2021\/04\/IMG_20210409_175919-1-205x300.jpg 205w, https:\/\/wp.catedu.es\/lepoidsdesmots\/wp-content\/uploads\/sites\/66\/2021\/04\/IMG_20210409_175919-1-700x1024.jpg 700w, https:\/\/wp.catedu.es\/lepoidsdesmots\/wp-content\/uploads\/sites\/66\/2021\/04\/IMG_20210409_175919-1.jpg 720w\" sizes=\"auto, (max-width: 289px) 100vw, 289px\" \/><\/p>\n<p><strong>Inma Contreras, C1.1<\/strong><\/p>\n","protected":false},"excerpt":{"rendered":"<p>L\u2019enfant de sable c\u2019est une oeuvre tr\u00e8s dure et cruelle;\u00a0 elle se d\u00e9roule dans les ann\u00e9es cinquante,\u00a0 bien que elle ait \u00e9t\u00e9 \u00e9crite dans les ann\u00e9es 80 au Maroc. Le livre est une critique de cette soci\u00e9t\u00e9 dans laquelle \u00eatre un homme est un privil\u00e8ge et \u00eatre une femme est une punition. C\u2019est un livre [&hellip;]<\/p>\n","protected":false},"author":122,"featured_media":0,"comment_status":"closed","ping_status":"closed","sticky":false,"template":"","format":"standard","meta":{"footnotes":""},"categories":[8,22],"tags":[],"class_list":["post-887","post","type-post","status-publish","format-standard","hentry","category-lectures","category-production-ecrite"],"_links":{"self":[{"href":"https:\/\/wp.catedu.es\/lepoidsdesmots\/wp-json\/wp\/v2\/posts\/887","targetHints":{"allow":["GET"]}}],"collection":[{"href":"https:\/\/wp.catedu.es\/lepoidsdesmots\/wp-json\/wp\/v2\/posts"}],"about":[{"href":"https:\/\/wp.catedu.es\/lepoidsdesmots\/wp-json\/wp\/v2\/types\/post"}],"author":[{"embeddable":true,"href":"https:\/\/wp.catedu.es\/lepoidsdesmots\/wp-json\/wp\/v2\/users\/122"}],"replies":[{"embeddable":true,"href":"https:\/\/wp.catedu.es\/lepoidsdesmots\/wp-json\/wp\/v2\/comments?post=887"}],"version-history":[{"count":2,"href":"https:\/\/wp.catedu.es\/lepoidsdesmots\/wp-json\/wp\/v2\/posts\/887\/revisions"}],"predecessor-version":[{"id":890,"href":"https:\/\/wp.catedu.es\/lepoidsdesmots\/wp-json\/wp\/v2\/posts\/887\/revisions\/890"}],"wp:attachment":[{"href":"https:\/\/wp.catedu.es\/lepoidsdesmots\/wp-json\/wp\/v2\/media?parent=887"}],"wp:term":[{"taxonomy":"category","embeddable":true,"href":"https:\/\/wp.catedu.es\/lepoidsdesmots\/wp-json\/wp\/v2\/categories?post=887"},{"taxonomy":"post_tag","embeddable":true,"href":"https:\/\/wp.catedu.es\/lepoidsdesmots\/wp-json\/wp\/v2\/tags?post=887"}],"curies":[{"name":"wp","href":"https:\/\/api.w.org\/{rel}","templated":true}]}}