{"id":234,"date":"2019-01-21T20:05:22","date_gmt":"2019-01-21T19:05:22","guid":{"rendered":"http:\/\/wp.catedu.es\/mariajesusmonter\/?p=234"},"modified":"2019-01-21T20:51:08","modified_gmt":"2019-01-21T19:51:08","slug":"preparar-la-prueba-de-acceso-a-cfgm-ciencias-sociales","status":"publish","type":"post","link":"https:\/\/wp.catedu.es\/mariajesusmonter\/preparar-la-prueba-de-acceso-a-cfgm-ciencias-sociales\/","title":{"rendered":"Preparar la prueba de acceso a CFGM (Ciencias Sociales)"},"content":{"rendered":"<p><img loading=\"lazy\" decoding=\"async\" class=\"size-full wp-image-15 aligncenter\" src=\"http:\/\/wp.catedu.es\/mariajesusmonter\/wp-content\/uploads\/sites\/117\/2018\/06\/fp.gif\" alt=\"\" width=\"210\" height=\"91\" \/><\/p>\n<p style=\"text-align: justify\">Encontrar\u00e1s <strong>informaci\u00f3n sobre la prueba de acceso<\/strong> a Ciclos Formativos de Grado Medio: caracter\u00edsticas de la prueba, requisitos, calendario, ex\u00e1menes de cursos anteriores, etc. en la web\u00a0<a href=\"http:\/\/fp.educaragon.org\/arboles\/arbol.asp?sepRuta=&amp;guiaeducativa=&amp;strSeccion=SFP02&amp;titpadre=Informaci%F3n&amp;arrpadres=&amp;arrides=&amp;arridesvin=&amp;lngArbol=1408&amp;lngArbolvinculado=\" target=\"_blank\" rel=\"noopener\">http:\/\/fp.educaragon.org<\/a><\/p>\n<p style=\"text-align: justify\">Las caracter\u00edsticas detalladas de la prueba de acceso de <strong>2018<\/strong> puedes consultarlas\u00a0<a href=\"http:\/\/www.educaragon.org\/FILES\/Presentaci%C3%B3n_PA_agos2018_form_dga.pdf\" target=\"_blank\" rel=\"noopener\">aqu\u00ed en pdf descargable\u00a0 \ud83d\udca1\u00a0<\/a><\/p>\n<p style=\"text-align: justify\">Los contenidos y criterios de evaluaci\u00f3n de todos los \u00e1mbitos aparecen en el Anexo I de la ORDEN ECD\/83 \/2017, de 25 de\u00a0enero del Bolet\u00edn Oficial de Arag\u00f3n. Concretamente, los <strong>contenidos y criterios de evaluaci\u00f3n<\/strong> del \u00c1mbito Social (<strong>Geograf\u00eda e Historia<\/strong>) figuran en la p\u00e1g. 2407 y se pueden consultar y descargar <a href=\"http:\/\/fp.educaragon.org\/FILES\/orden832017anexoI.pdf\" target=\"_blank\" rel=\"noopener\">aqu\u00ed en pdf\u00a0 \ud83d\udca1<\/a><\/p>\n<p style=\"text-align: justify\">De entre toda la muestra de <strong>ex\u00e1menes de a\u00f1os anteriores<\/strong>, interesan los de <a href=\"http:\/\/www.educaragon.org\/FILES\/GEOGRAFIA%20E%20HISTORIA_1.pdf\" target=\"_blank\" rel=\"noopener\">2017 \ud83d\udca1<\/a> y <a href=\"http:\/\/www.educaragon.org\/FILES\/Examen_%C3%81mbito%20social_2.pdf\" target=\"_blank\" rel=\"noopener\">2018 \ud83d\udca1<\/a> . Los anteriores \u00a0siguen criterios distintos.<\/p>\n<p style=\"text-align: justify\">Durante el curso 2018-2019, las profesoras de 4\u00ba de ESO preparamos algunos <span style=\"color: #800080\"><strong>ejercicios para \u00abentrenar\u00bb la prueba<\/strong><\/span>. Puedes practicar en estos enlaces:<\/p>\n<p style=\"padding-left: 30px;text-align: justify\">1) Con el examen de 2017, en la mano prueba a hacer esta actividad <a href=\"https:\/\/www.chiscos.net\/xestor\/chs\/mariamonter\/pruebafp\/pruebafp17.html\" target=\"_blank\" rel=\"noopener\">Prueba de acceso FP (2017).<\/a><\/p>\n<p style=\"padding-left: 30px;text-align: justify\">2)\u00a0Repasar los movimientos migratorios, las Comunidades Aut\u00f3nomas y el mapa f\u00edsico de la pen\u00ednsula Ib\u00e9rica a partir de un texto en <a href=\"https:\/\/es.educaplay.com\/recursos-educativos\/c-246957-1-prueba_acceso_a_fp_grado_medio.html\" target=\"_blank\" rel=\"noopener\">educaplay.<\/a><\/p>\n<p style=\"padding-left: 30px;text-align: justify\">3) Desde un texto: ejercicios adaptados de Geograf\u00eda e Historia (migraciones, pa\u00edses y capitales, demograf\u00eda, sectores econ\u00f3micos, etc.) <a href=\"https:\/\/www.daypo.com\/test-prueba-acceso-fp-grado-medio-geografia-e-historia.html\" target=\"_blank\" rel=\"noopener\">online en daypo<\/a>.<\/p>\n<p style=\"padding-left: 30px;text-align: justify\">4) Actividades, \u00a0a partir de un texto, sobre cat\u00e1strofes naturales, fuentes de energ\u00eda, Comunidades aut\u00f3nomas, pir\u00e1mides de poblaci\u00f3n, etc.) en un <a href=\"https:\/\/docs.google.com\/forms\/d\/e\/1FAIpQLSfK034IUx6QFGH7DVagY_BOviQDe8aqWS8KWb9bi3PosaYo4w\/viewform\" target=\"_blank\" rel=\"noopener\">cuestionario de google autocorregible<\/a>.<\/p>\n<p style=\"padding-left: 30px;text-align: justify\">5) Actividades para preparar la prueba de acceso (climas, climogramas y paisajes, pa\u00edses de la UE, etapas de la Historia, sistemas pol\u00edticos) en un <a href=\"https:\/\/www.daypo.com\/test-prueba-acceso-fp-grado-medio.html\" target=\"_blank\" rel=\"noopener\">cuestionario de daypo<\/a>.<\/p>\n<p style=\"text-align: justify\"><strong>WEBS de actividades e informaci\u00f3n:<\/strong><\/p>\n<p style=\"text-align: justify\"><a href=\"http:\/\/ntic.educacion.es\/w3\/\/recursos\/secundaria\/sociales\/geografia\/contenido_indice.html\" target=\"_blank\" rel=\"noopener\">Flashes de Geograf\u00eda<\/a>\u00a0<a href=\"http:\/\/ntic.educacion.es\/w3\/\/recursos\/secundaria\/sociales\/geografia\/contenido_indice.html\" target=\"_blank\" rel=\"noopener\"><img loading=\"lazy\" decoding=\"async\" class=\"size-full wp-image-237 aligncenter\" src=\"http:\/\/wp.catedu.es\/mariajesusmonter\/wp-content\/uploads\/sites\/117\/2019\/01\/flashes.jpg\" alt=\"\" width=\"178\" height=\"129\" srcset=\"https:\/\/wp.catedu.es\/mariajesusmonter\/wp-content\/uploads\/sites\/117\/2019\/01\/flashes.jpg 178w, https:\/\/wp.catedu.es\/mariajesusmonter\/wp-content\/uploads\/sites\/117\/2019\/01\/flashes-150x109.jpg 150w\" sizes=\"auto, (max-width: 178px) 100vw, 178px\" \/><\/a><\/p>\n<p style=\"text-align: justify\"><a href=\"http:\/\/serbal.pntic.mec.es\/ealg0027\/mapasflash.htm\" target=\"_blank\" rel=\"noopener\">Mapas flash<\/a> interactivos\u00a0<a href=\"http:\/\/serbal.pntic.mec.es\/ealg0027\/mapasflash.htm\" target=\"_blank\" rel=\"noopener\"><img loading=\"lazy\" decoding=\"async\" class=\"size-full wp-image-238 aligncenter\" src=\"http:\/\/wp.catedu.es\/mariajesusmonter\/wp-content\/uploads\/sites\/117\/2019\/01\/flashes2.jpg\" alt=\"\" width=\"154\" height=\"113\" srcset=\"https:\/\/wp.catedu.es\/mariajesusmonter\/wp-content\/uploads\/sites\/117\/2019\/01\/flashes2.jpg 154w, https:\/\/wp.catedu.es\/mariajesusmonter\/wp-content\/uploads\/sites\/117\/2019\/01\/flashes2-150x110.jpg 150w\" sizes=\"auto, (max-width: 154px) 100vw, 154px\" \/><\/a><\/p>\n<p style=\"text-align: justify\">\n","protected":false},"excerpt":{"rendered":"<p>Encontrar\u00e1s informaci\u00f3n sobre la prueba de acceso a Ciclos Formativos de Grado Medio: caracter\u00edsticas de la prueba, requisitos, calendario, ex\u00e1menes de cursos anteriores, etc. en la web\u00a0http:\/\/fp.educaragon.org Las caracter\u00edsticas detalladas de la prueba de acceso de 2018 puedes consultarlas\u00a0aqu\u00ed en pdf descargable\u00a0 \ud83d\udca1\u00a0 Los contenidos y criterios de evaluaci\u00f3n de &#8230; <a class=\"continue-reading-link\" href=\"https:\/\/wp.catedu.es\/mariajesusmonter\/preparar-la-prueba-de-acceso-a-cfgm-ciencias-sociales\/\"> Continue reading<\/a><\/p>\n","protected":false},"author":226,"featured_media":0,"comment_status":"closed","ping_status":"closed","sticky":false,"template":"","format":"standard","meta":{"footnotes":""},"categories":[37,50,49],"tags":[4,51],"class_list":["post-234","post","type-post","status-publish","format-standard","hentry","category-3o-eso","category-4o-eso","category-prueba-acceso-fp","tag-cfgm","tag-prueba-acceso-fp"],"_links":{"self":[{"href":"https:\/\/wp.catedu.es\/mariajesusmonter\/wp-json\/wp\/v2\/posts\/234","targetHints":{"allow":["GET"]}}],"collection":[{"href":"https:\/\/wp.catedu.es\/mariajesusmonter\/wp-json\/wp\/v2\/posts"}],"about":[{"href":"https:\/\/wp.catedu.es\/mariajesusmonter\/wp-json\/wp\/v2\/types\/post"}],"author":[{"embeddable":true,"href":"https:\/\/wp.catedu.es\/mariajesusmonter\/wp-json\/wp\/v2\/users\/226"}],"replies":[{"embeddable":true,"href":"https:\/\/wp.catedu.es\/mariajesusmonter\/wp-json\/wp\/v2\/comments?post=234"}],"version-history":[{"count":8,"href":"https:\/\/wp.catedu.es\/mariajesusmonter\/wp-json\/wp\/v2\/posts\/234\/revisions"}],"predecessor-version":[{"id":244,"href":"https:\/\/wp.catedu.es\/mariajesusmonter\/wp-json\/wp\/v2\/posts\/234\/revisions\/244"}],"wp:attachment":[{"href":"https:\/\/wp.catedu.es\/mariajesusmonter\/wp-json\/wp\/v2\/media?parent=234"}],"wp:term":[{"taxonomy":"category","embeddable":true,"href":"https:\/\/wp.catedu.es\/mariajesusmonter\/wp-json\/wp\/v2\/categories?post=234"},{"taxonomy":"post_tag","embeddable":true,"href":"https:\/\/wp.catedu.es\/mariajesusmonter\/wp-json\/wp\/v2\/tags?post=234"}],"curies":[{"name":"wp","href":"https:\/\/api.w.org\/{rel}","templated":true}]}}