{"id":307,"date":"2019-02-22T17:13:08","date_gmt":"2019-02-22T16:13:08","guid":{"rendered":"http:\/\/wp.catedu.es\/mariajesusmonter\/?p=307"},"modified":"2019-02-22T17:13:08","modified_gmt":"2019-02-22T16:13:08","slug":"tema-nuevo-2o-eso-el-islam-y-al-andalus-recordatorios-trabajos-y-examenes","status":"publish","type":"post","link":"https:\/\/wp.catedu.es\/mariajesusmonter\/tema-nuevo-2o-eso-el-islam-y-al-andalus-recordatorios-trabajos-y-examenes\/","title":{"rendered":"Tema nuevo 2\u00ba ESO: El Islam y Al-\u00c1ndalus + Recordatorios trabajos y ex\u00e1menes."},"content":{"rendered":"\n<p>Realizo est\u00e1 entrada para que ninguno de mis alumnos de 2\u00ba ESO os perd\u00e1is. Esta semana hemos iniciado nuevo tema cuyo contenido est\u00e1 en dos temas distintos del libro de texto:<\/p>\n\n\n\n<ul class=\"wp-block-list\"><li>El Islam (Tema 1, p\u00e1ginas 26,27, 28 y 29)<\/li><\/ul>\n\n\n\n<ul class=\"wp-block-list\"><li>Al-\u00c1ndalus (Tema 5 del libro)<\/li><\/ul>\n\n\n\n<p>Por ello, os voy a subir aqu\u00ed tanto el Powerpoint con la teor\u00eda sobre el Islam, adem\u00e1s os dejar\u00e9 las fechas de entrega de los trabajos y las \u00faltimas pruebas del trimestre.<\/p>\n\n\n\n<div class=\"wp-block-file\"><a href=\"http:\/\/wp.catedu.es\/mariajesusmonter\/wp-content\/uploads\/sites\/117\/2019\/02\/REPASO-ISLAM-1.pptx\">REPASO ISLAM<\/a><a href=\"http:\/\/wp.catedu.es\/mariajesusmonter\/wp-content\/uploads\/sites\/117\/2019\/02\/REPASO-ISLAM-1.pptx\" class=\"wp-block-file__button\" download>Descargar<\/a><\/div>\n\n\n\n<p>RECORDATORIO DE FINAL DE TRIMESTRE SOBRE TRABAJOS, TEST Y EX\u00c1MENES:<\/p>\n\n\n\n<ul class=\"wp-block-list\"><li>Fecha de entrega del trabajo del tema 4: arte rom\u00e1nico y g\u00f3tico. 28 de Febrero.<\/li><li>Fecha sobre el test\/prueba arte rom\u00e1nico y g\u00f3tico: 1 de marzo.<\/li><li>Fecha de examen del tema \u00abEl Islam y Al-\u00c1ndalus\u00bb:  13 de marzo (2\u00ba A) y 14 de marzo (2\u00baB)<\/li><\/ul>\n","protected":false},"excerpt":{"rendered":"<p>Realizo est\u00e1 entrada para que ninguno de mis alumnos de 2\u00ba ESO os perd\u00e1is. Esta semana hemos iniciado nuevo tema cuyo contenido est\u00e1 en dos temas distintos del libro de texto: El Islam (Tema 1, p\u00e1ginas 26,27, 28 y 29) Al-\u00c1ndalus (Tema 5 del libro) Por ello, os voy a &#8230; <a class=\"continue-reading-link\" href=\"https:\/\/wp.catedu.es\/mariajesusmonter\/tema-nuevo-2o-eso-el-islam-y-al-andalus-recordatorios-trabajos-y-examenes\/\"> Continue reading<\/a><\/p>\n","protected":false},"author":255,"featured_media":0,"comment_status":"closed","ping_status":"closed","sticky":false,"template":"","format":"standard","meta":{"footnotes":""},"categories":[1],"tags":[36,64,65,35],"class_list":["post-307","post","type-post","status-publish","format-standard","hentry","category-sin-categoria","tag-2o-eso","tag-edad-media","tag-el-islam","tag-historia"],"_links":{"self":[{"href":"https:\/\/wp.catedu.es\/mariajesusmonter\/wp-json\/wp\/v2\/posts\/307","targetHints":{"allow":["GET"]}}],"collection":[{"href":"https:\/\/wp.catedu.es\/mariajesusmonter\/wp-json\/wp\/v2\/posts"}],"about":[{"href":"https:\/\/wp.catedu.es\/mariajesusmonter\/wp-json\/wp\/v2\/types\/post"}],"author":[{"embeddable":true,"href":"https:\/\/wp.catedu.es\/mariajesusmonter\/wp-json\/wp\/v2\/users\/255"}],"replies":[{"embeddable":true,"href":"https:\/\/wp.catedu.es\/mariajesusmonter\/wp-json\/wp\/v2\/comments?post=307"}],"version-history":[{"count":1,"href":"https:\/\/wp.catedu.es\/mariajesusmonter\/wp-json\/wp\/v2\/posts\/307\/revisions"}],"predecessor-version":[{"id":310,"href":"https:\/\/wp.catedu.es\/mariajesusmonter\/wp-json\/wp\/v2\/posts\/307\/revisions\/310"}],"wp:attachment":[{"href":"https:\/\/wp.catedu.es\/mariajesusmonter\/wp-json\/wp\/v2\/media?parent=307"}],"wp:term":[{"taxonomy":"category","embeddable":true,"href":"https:\/\/wp.catedu.es\/mariajesusmonter\/wp-json\/wp\/v2\/categories?post=307"},{"taxonomy":"post_tag","embeddable":true,"href":"https:\/\/wp.catedu.es\/mariajesusmonter\/wp-json\/wp\/v2\/tags?post=307"}],"curies":[{"name":"wp","href":"https:\/\/api.w.org\/{rel}","templated":true}]}}