{"id":1215,"date":"2021-04-16T13:33:47","date_gmt":"2021-04-16T11:33:47","guid":{"rendered":"http:\/\/wp.catedu.es\/museocienciasrychuesca\/?p=1215"},"modified":"2021-04-27T21:07:57","modified_gmt":"2021-04-27T19:07:57","slug":"acta-de-entrega-del-edificio-del-instituto-ramon-y-cajal","status":"publish","type":"post","link":"https:\/\/wp.catedu.es\/museocienciasrychuesca\/biblioteca\/acta-de-entrega-del-edificio-del-instituto-ramon-y-cajal\/","title":{"rendered":"Acta de entrega del edificio del Instituto \u00abRam\u00f3n y Cajal\u00bb"},"content":{"rendered":"\t\t<div data-elementor-type=\"wp-post\" data-elementor-id=\"1215\" class=\"elementor elementor-1215\">\n\t\t\t\t\t\t<section class=\"elementor-section elementor-top-section elementor-element elementor-element-611f80f7 elementor-section-content-middle elementor-section-boxed elementor-section-height-default elementor-section-height-default\" data-id=\"611f80f7\" data-element_type=\"section\" data-e-type=\"section\">\n\t\t\t\t\t\t<div class=\"elementor-container elementor-column-gap-default\">\n\t\t\t\t\t<div class=\"elementor-column elementor-col-33 elementor-top-column elementor-element elementor-element-2d75edb3\" data-id=\"2d75edb3\" data-element_type=\"column\" data-e-type=\"column\">\n\t\t\t<div class=\"elementor-widget-wrap elementor-element-populated\">\n\t\t\t\t\t\t<div class=\"elementor-element elementor-element-60444bae elementor-widget elementor-widget-image\" data-id=\"60444bae\" data-element_type=\"widget\" data-e-type=\"widget\" data-widget_type=\"image.default\">\n\t\t\t\t<div class=\"elementor-widget-container\">\n\t\t\t\t\t\t\t\t\t\t\t\t\t\t\t\t<a href=\"http:\/\/wp.catedu.es\/museocienciasrychuesca\/wp-content\/uploads\/sites\/201\/2021\/04\/Acta-entrega-Instituto-Ramon-y-Cajal.jpg\" data-elementor-open-lightbox=\"yes\" data-elementor-lightbox-title=\"Acta entrega Instituto Ram\u00f3n y Cajal\" data-e-action-hash=\"#elementor-action%3Aaction%3Dlightbox%26settings%3DeyJpZCI6IjEyMTYiLCJ1cmwiOiJodHRwczpcL1wvd3AuY2F0ZWR1LmVzXC9tdXNlb2NpZW5jaWFzcnljaHVlc2NhXC93cC1jb250ZW50XC91cGxvYWRzXC9zaXRlc1wvMjAxXC8yMDIxXC8wNFwvQWN0YS1lbnRyZWdhLUluc3RpdHV0by1SYW1vbi15LUNhamFsLmpwZyJ9\">\n\t\t\t\t\t\t\t<img fetchpriority=\"high\" decoding=\"async\" width=\"436\" height=\"640\" src=\"https:\/\/wp.catedu.es\/museocienciasrychuesca\/wp-content\/uploads\/sites\/201\/2021\/04\/Acta-entrega-Instituto-Ramon-y-Cajal.jpg\" class=\"attachment-large size-large wp-image-1216\" alt=\"\" srcset=\"https:\/\/wp.catedu.es\/museocienciasrychuesca\/wp-content\/uploads\/sites\/201\/2021\/04\/Acta-entrega-Instituto-Ramon-y-Cajal.jpg 436w, https:\/\/wp.catedu.es\/museocienciasrychuesca\/wp-content\/uploads\/sites\/201\/2021\/04\/Acta-entrega-Instituto-Ramon-y-Cajal-204x300.jpg 204w\" sizes=\"(max-width: 436px) 100vw, 436px\" \/>\t\t\t\t\t\t\t\t<\/a>\n\t\t\t\t\t\t\t\t\t\t\t\t\t\t\t<\/div>\n\t\t\t\t<\/div>\n\t\t\t\t\t<\/div>\n\t\t<\/div>\n\t\t\t\t<div class=\"elementor-column elementor-col-66 elementor-top-column elementor-element elementor-element-3db0cf0\" data-id=\"3db0cf0\" data-element_type=\"column\" data-e-type=\"column\">\n\t\t\t<div class=\"elementor-widget-wrap elementor-element-populated\">\n\t\t\t\t\t\t<div class=\"elementor-element elementor-element-31bdd820 elementor-widget elementor-widget-text-editor\" data-id=\"31bdd820\" data-element_type=\"widget\" data-e-type=\"widget\" data-widget_type=\"text-editor.default\">\n\t\t\t\t<div class=\"elementor-widget-container\">\n\t\t\t\t\t\t\t\t\t<h1><span style=\"color: #424242;font-family: trebuchet ms, geneva, sans-serif\"><span style=\"font-size: 32px\"><b>Acta entrega del edificio del Instituto \u00abRam\u00f3n y Cajal\u00bb<\/b><\/span><\/span><\/h1><div><span style=\"font-size: 14pt\"><strong>Autor<\/strong>: Francisco D\u00edaz<\/span><\/div><div><span style=\"font-size: 14pt\"><strong>Lugar y a\u00f1o de edici\u00f3n<\/strong>: Huesca, 1940<\/span><\/div><div><span style=\"font-size: 14pt\"><strong>\u00c1rea<\/strong>: Historia.<\/span><\/div>\t\t\t\t\t\t\t\t<\/div>\n\t\t\t\t<\/div>\n\t\t\t\t\t<\/div>\n\t\t<\/div>\n\t\t\t\t\t<\/div>\n\t\t<\/section>\n\t\t\t\t<section class=\"elementor-section elementor-top-section elementor-element elementor-element-7a88b942 elementor-section-boxed elementor-section-height-default elementor-section-height-default\" data-id=\"7a88b942\" data-element_type=\"section\" data-e-type=\"section\">\n\t\t\t\t\t\t<div class=\"elementor-container elementor-column-gap-default\">\n\t\t\t\t\t<div class=\"elementor-column elementor-col-100 elementor-top-column elementor-element elementor-element-2a6f6afe\" data-id=\"2a6f6afe\" data-element_type=\"column\" data-e-type=\"column\">\n\t\t\t<div class=\"elementor-widget-wrap elementor-element-populated\">\n\t\t\t\t\t\t<div class=\"elementor-element elementor-element-70d946b3 elementor-widget elementor-widget-text-editor\" data-id=\"70d946b3\" data-element_type=\"widget\" data-e-type=\"widget\" data-widget_type=\"text-editor.default\">\n\t\t\t\t<div class=\"elementor-widget-container\">\n\t\t\t\t\t\t\t\t\t<p>Acta de entrega y descripci\u00f3n del edificio del Instituto Nacional de Ense\u00f1anza Media \u00abRam\u00f3n y Cajal\u00bb, que realiza en Huesca, el 18 de septiembre de 1940, el director de las prisiones, Francisco D\u00edaz, al director del Instituto, Basilio La\u00edn, en presencia del secretario del Gobernador Civil, Santiago Bueno, del Secretario del Instituto, Ricardo del Arco y del arquitecto de la Diputaci\u00f3n, Antonio Uceda.\u00a0<\/p>\t\t\t\t\t\t\t\t<\/div>\n\t\t\t\t<\/div>\n\t\t\t\t\t<\/div>\n\t\t<\/div>\n\t\t\t\t\t<\/div>\n\t\t<\/section>\n\t\t\t\t<\/div>\n\t\t","protected":false},"excerpt":{"rendered":"<p>Acta entrega del edificio del Instituto \u00abRam\u00f3n y Cajal\u00bb Autor: Francisco D\u00edazLugar y a\u00f1o de edici\u00f3n: Huesca, 1940\u00c1rea: Historia. Acta de entrega y descripci\u00f3n del edificio del Instituto Nacional de Ense\u00f1anza Media \u00abRam\u00f3n y Cajal\u00bb, que realiza en Huesca, el 18 de septiembre de 1940, el director de las prisiones, Francisco D\u00edaz, al director del [&hellip;]<\/p>\n","protected":false},"author":359,"featured_media":1266,"comment_status":"closed","ping_status":"closed","sticky":false,"template":"","format":"standard","meta":{"footnotes":""},"categories":[9,11],"tags":[],"class_list":["post-1215","post","type-post","status-publish","format-standard","has-post-thumbnail","hentry","category-biblioteca","category-historia"],"_links":{"self":[{"href":"https:\/\/wp.catedu.es\/museocienciasrychuesca\/wp-json\/wp\/v2\/posts\/1215","targetHints":{"allow":["GET"]}}],"collection":[{"href":"https:\/\/wp.catedu.es\/museocienciasrychuesca\/wp-json\/wp\/v2\/posts"}],"about":[{"href":"https:\/\/wp.catedu.es\/museocienciasrychuesca\/wp-json\/wp\/v2\/types\/post"}],"author":[{"embeddable":true,"href":"https:\/\/wp.catedu.es\/museocienciasrychuesca\/wp-json\/wp\/v2\/users\/359"}],"replies":[{"embeddable":true,"href":"https:\/\/wp.catedu.es\/museocienciasrychuesca\/wp-json\/wp\/v2\/comments?post=1215"}],"version-history":[{"count":4,"href":"https:\/\/wp.catedu.es\/museocienciasrychuesca\/wp-json\/wp\/v2\/posts\/1215\/revisions"}],"predecessor-version":[{"id":1220,"href":"https:\/\/wp.catedu.es\/museocienciasrychuesca\/wp-json\/wp\/v2\/posts\/1215\/revisions\/1220"}],"wp:featuredmedia":[{"embeddable":true,"href":"https:\/\/wp.catedu.es\/museocienciasrychuesca\/wp-json\/wp\/v2\/media\/1266"}],"wp:attachment":[{"href":"https:\/\/wp.catedu.es\/museocienciasrychuesca\/wp-json\/wp\/v2\/media?parent=1215"}],"wp:term":[{"taxonomy":"category","embeddable":true,"href":"https:\/\/wp.catedu.es\/museocienciasrychuesca\/wp-json\/wp\/v2\/categories?post=1215"},{"taxonomy":"post_tag","embeddable":true,"href":"https:\/\/wp.catedu.es\/museocienciasrychuesca\/wp-json\/wp\/v2\/tags?post=1215"}],"curies":[{"name":"wp","href":"https:\/\/api.w.org\/{rel}","templated":true}]}}