{"id":1626,"date":"2022-03-15T23:14:17","date_gmt":"2022-03-15T23:14:17","guid":{"rendered":"http:\/\/localhost:8888\/_iguannaweb\/wordpress\/2022\/03\/15\/hieraetus-fasciatus\/"},"modified":"2022-06-01T09:52:32","modified_gmt":"2022-06-01T07:52:32","slug":"hieraetus-fasciatus","status":"publish","type":"post","link":"https:\/\/wp.catedu.es\/museocienciasrychuesca\/sin-categoria\/hieraetus-fasciatus\/","title":{"rendered":"Hieraetus fasciatus"},"content":{"rendered":"<p><b>Nombres comunes: <\/b><span style=\"font-weight: 400\">\u00c1guila perdicera. \u00c1guila-azor perdicera. \u00c1guila de Bonelli. Bonelli\u2019s eagle (english).<\/span><\/p>\n<p><b>Clasificaci\u00f3n sistem\u00e1tica:<\/b><\/p>\n<p><span style=\"font-weight: 400\">Reino: Animal.<\/span><\/p>\n<p><span style=\"font-weight: 400\">Filo: Chordata.<\/span><\/p>\n<p><span style=\"font-weight: 400\">Clase: Aves.<\/span><\/p>\n<p><span style=\"font-weight: 400\">Orden: <\/span><span style=\"font-weight: 400\">Accipitriformes<\/span><span style=\"font-weight: 400\">.<\/span><\/p>\n<p><span style=\"font-weight: 400\">Familia: <\/span><span style=\"font-weight: 400\">Accipitridae<\/span><span style=\"font-weight: 400\">.<\/span><\/p>\n<p><span style=\"font-weight: 400\">G\u00e9nero: <\/span><i><span style=\"font-weight: 400\">Aquila<\/span><\/i><span style=\"font-weight: 400\">.<\/span><\/p>\n<p><span style=\"font-weight: 400\">Especie:<\/span> <i><span style=\"font-weight: 400\">Aquila<\/span><\/i><i><span style=\"font-weight: 400\"> fasciata.<\/span><\/i><\/p>\n<p>&nbsp;<\/p>\n<p><b>Longitud<\/b><span style=\"font-weight: 400\">: 55-65 cm de largo.<\/span><\/p>\n<p><b>Peso<\/b><span style=\"font-weight: 400\">: 1,6-2,2 kg<\/span><\/p>\n<p><b>Status de la especie<\/b><span style=\"font-weight: 400\">: \u201cEn peligro\u201d (Libro rojo de las aves de Espa\u00f1a) y \u201cVulnerable\u201d (Listado de Especies Silvestres en R\u00e9gimen de Protecci\u00f3n Especial.)<\/span><\/p>\n<p>&nbsp;<\/p>\n<p><b>FUNCIONES VITALES<\/b><\/p>\n<p><b>Reproducci\u00f3n<\/b><span style=\"font-weight: 400\">: Sexual ov\u00edpara.<\/span><\/p>\n<p><b>Nutrici\u00f3n<\/b><span style=\"font-weight: 400\">: Carn\u00edvora.<\/span><\/p>\n<p><b>Relaci\u00f3n<\/b><span style=\"font-weight: 400\">: Forma parejas estables que realizan una puesta al a\u00f1o.<\/span><\/p>\n<p>&nbsp;<\/p>\n<p><b>DESCRIPCI\u00d3N DE LA ESPECIE<\/b><\/p>\n<p><b>Identificaci\u00f3n<\/b><\/p>\n<p><span style=\"font-weight: 400\">Es una rapaz de mirada desafiante a la par que bella que posee unas potentes garras. En vuelo, en las partes inferiores presenta una combinaci\u00f3n \u00fanica de cuerpo blancuzco y alas y cola oscuras. Las zonas blancas tienen caracter\u00edsticas pintas oscuras. La cola p\u00e1lida tiene una franja terminal oscura. Las partes superiores son de color pardo con un manto blancuzco en la espalda. El joven del a\u00f1o tiene un color canela en lugar de blanco en las partes inferiores y no presenta pintas, las cuales aparecen en el segundo a\u00f1o.<\/span><\/p>\n<p>&nbsp;<\/p>\n<p><b>Distribuci\u00f3n\u00a0<\/b><\/p>\n<p><span style=\"font-weight: 400\">Es un ave residente durante todo el a\u00f1o en Espa\u00f1a. Est\u00e1 asociada a ambientes mediterr\u00e1neos y la pen\u00ednsula ib\u00e9rica es uno de los pocos lugares en Europa donde todav\u00eda la podemos encontrar. Sin embargo, su poblaci\u00f3n est\u00e1 muy fragmentada y ha disminuido bruscamente en los \u00faltimos a\u00f1os llegando a quedar tan solo 1 pareja reproductora en la provincia de Huesca.<\/span><\/p>\n<p><span style=\"font-weight: 400\">\u00a0<\/span><\/p>\n<p><b>Alimentaci\u00f3n<\/b><\/p>\n<p><span style=\"font-weight: 400\">Entre las grandes \u00e1guilas, es la m\u00e1s \u00e1gil, lo que le permite cazar un gran n\u00famero de aves de tama\u00f1o medio, mam\u00edferos y reptiles. Debido a ello se ha propuesto el cambio de su nombre com\u00fan por el de \u00c1guila de Bonelli ya que el de \u201cperdicera\u201d no es fiel a su dieta e implica una mala percepci\u00f3n por parte de la poblaci\u00f3n.\u00a0<\/span><\/p>\n<p>&nbsp;<\/p>\n<p><b>Comportamiento<\/b><\/p>\n<p><span style=\"font-weight: 400\">La pareja establece el nido en cuevas y salientes de acantilados inaccesibles, aunque a veces elige \u00e1rboles. De su construcci\u00f3n se encarga la hembra con aportes del macho, creando una pila de ramas tapizada por hierba. La incubaci\u00f3n de los huevos la llevan a cabo ambos miembros de la pareja llegando a durar 40 d\u00edas. Los j\u00f3venes inmaduros realizan continuos desplazamientos en zonas de dispersi\u00f3n hasta su establecimiento en lugares propicios para la cr\u00eda.<\/span><\/p>\n<p>&nbsp;<\/p>\n<p><b>PRINCIPALES PROBLEM\u00c1TICAS<\/b><\/p>\n<p><span style=\"font-weight: 400\">Las principales amenazas son la persecuci\u00f3n directa (disparos, trampas o venenos en cotos de caza menor) y la electrocuci\u00f3n y colisi\u00f3n directa con tendidos el\u00e9ctricos. Pero tambi\u00e9n se ve afectada por la alteraci\u00f3n de su h\u00e1bitat (infraestructuras y reforestaciones), escasez de alimento (enfermedades del conejo) y las molestias por actividades recreativas en el \u00e1rea de cr\u00eda (zonas de escalada).\u00a0<\/span><\/p>\n<p>&nbsp;<\/p>\n<p><strong>M\u00c1S INFORMACI\u00d3N<\/strong><\/p>\n<p><span style=\"font-weight: 400\">Noticia<\/span><i><span style=\"font-weight: 400\"> \u201cEl \u00e1guila perdicera agoniza en la provincia de Huesca: tan solo queda una pareja reproductora\u201d<\/span><\/i><span style=\"font-weight: 400\">: <\/span><a href=\"https:\/\/www.eldiario.es\/aragon\/perdicera-agoniza-provincia-huesca-reproductora_1_1470623.html\"><span style=\"font-weight: 400\">https:\/\/www.eldiario.es\/aragon\/perdicera-agoniza-provincia-huesca-reproductora_1_1470623.html<\/span><\/a><\/p>\n<p>&nbsp;<\/p>\n<p><strong>P\u00c1GINAS WEB CONSULTADAS<\/strong><\/p>\n<p><span style=\"font-weight: 400\">Ficha de la especie (SEO\/Birdlife): <\/span><a href=\"https:\/\/seo.org\/ave\/aguila-azor-perdicera\/\"><span style=\"font-weight: 400\">https:\/\/seo.org\/ave\/aguila-azor-perdicera\/<\/span><\/a><\/p>\n<p><span style=\"font-weight: 400\">Ficha de la especie (Wikipedia): <\/span><a href=\"https:\/\/es.wikipedia.org\/wiki\/Aquila_fasciata\"><span style=\"font-weight: 400\">https:\/\/es.wikipedia.org\/wiki\/Aquila_fasciata<\/span><\/a><\/p>\n<p><strong>BIBLIOGRAF\u00cdA CONSULTADA<\/strong><\/p>\n<p><span style=\"font-weight: 400\">Svensson, L. (2010). <\/span><i><span style=\"font-weight: 400\">Guia de aves: Espa\u00f1a, Europa y regi\u00f3n mediterr\u00e1nea<\/span><\/i><span style=\"font-weight: 400\">. Ediciones Omega.<\/span><\/p>\n<p><span style=\"font-weight: 400\">Ficha realizada por Arturo Bobed<\/span><\/p>\n","protected":false},"excerpt":{"rendered":"<p>Nombres comunes: \u00c1guila perdicera. \u00c1guila-azor perdicera. \u00c1guila de Bonelli. Bonelli\u2019s eagle (english). Clasificaci\u00f3n sistem\u00e1tica: Reino: Animal. Filo: Chordata. Clase: Aves. Orden: Accipitriformes. Familia: Accipitridae. G\u00e9nero: Aquila. Especie: Aquila fasciata. &nbsp; Longitud: 55-65 cm de largo. Peso: 1,6-2,2 kg Status de la especie: \u201cEn peligro\u201d (Libro rojo de las aves de Espa\u00f1a) y \u201cVulnerable\u201d (Listado de [&hellip;]<\/p>\n","protected":false},"author":359,"featured_media":0,"comment_status":"open","ping_status":"open","sticky":false,"template":"","format":"standard","meta":{"footnotes":""},"categories":[3,10,1],"tags":[7],"class_list":["post-1626","post","type-post","status-publish","format-standard","hentry","category-animalia","category-museo-disecados","category-sin-categoria","tag-animalia"],"_links":{"self":[{"href":"https:\/\/wp.catedu.es\/museocienciasrychuesca\/wp-json\/wp\/v2\/posts\/1626","targetHints":{"allow":["GET"]}}],"collection":[{"href":"https:\/\/wp.catedu.es\/museocienciasrychuesca\/wp-json\/wp\/v2\/posts"}],"about":[{"href":"https:\/\/wp.catedu.es\/museocienciasrychuesca\/wp-json\/wp\/v2\/types\/post"}],"author":[{"embeddable":true,"href":"https:\/\/wp.catedu.es\/museocienciasrychuesca\/wp-json\/wp\/v2\/users\/359"}],"replies":[{"embeddable":true,"href":"https:\/\/wp.catedu.es\/museocienciasrychuesca\/wp-json\/wp\/v2\/comments?post=1626"}],"version-history":[{"count":3,"href":"https:\/\/wp.catedu.es\/museocienciasrychuesca\/wp-json\/wp\/v2\/posts\/1626\/revisions"}],"predecessor-version":[{"id":2303,"href":"https:\/\/wp.catedu.es\/museocienciasrychuesca\/wp-json\/wp\/v2\/posts\/1626\/revisions\/2303"}],"wp:attachment":[{"href":"https:\/\/wp.catedu.es\/museocienciasrychuesca\/wp-json\/wp\/v2\/media?parent=1626"}],"wp:term":[{"taxonomy":"category","embeddable":true,"href":"https:\/\/wp.catedu.es\/museocienciasrychuesca\/wp-json\/wp\/v2\/categories?post=1626"},{"taxonomy":"post_tag","embeddable":true,"href":"https:\/\/wp.catedu.es\/museocienciasrychuesca\/wp-json\/wp\/v2\/tags?post=1626"}],"curies":[{"name":"wp","href":"https:\/\/api.w.org\/{rel}","templated":true}]}}