{"id":1242,"date":"2015-10-26T17:41:57","date_gmt":"2015-10-26T16:41:57","guid":{"rendered":"http:\/\/wp.catedu.es\/ochoben\/?p=1242"},"modified":"2017-11-08T15:55:25","modified_gmt":"2017-11-08T14:55:25","slug":"inmersiooooooon","status":"publish","type":"post","link":"https:\/\/wp.catedu.es\/ochoben\/inmersiooooooon\/","title":{"rendered":"Inmersioooooo\u00f3n!"},"content":{"rendered":"<span class=\"embed-youtube\" style=\"text-align:center; display: block;\"><iframe loading=\"lazy\" class=\"youtube-player\" width=\"474\" height=\"267\" src=\"https:\/\/www.youtube.com\/embed\/jupscvTPr2k?version=3&#038;rel=1&#038;showsearch=0&#038;showinfo=1&#038;iv_load_policy=1&#038;fs=1&#038;hl=es-ES&#038;autohide=2&#038;wmode=transparent\" allowfullscreen=\"true\" style=\"border:0;\" sandbox=\"allow-scripts allow-same-origin allow-popups allow-presentation allow-popups-to-escape-sandbox\"><\/iframe><\/span>\n<p>Los alumnos de 2\u00ba ESO pluriling\u00fce, participan esta semana en una inmersi\u00f3n, una semana de pr\u00e1ctica intensiva en ingl\u00e9s en Soria, compartiendo instalaciones, actividades, comedor, etc. con un grupo de Lebrija, provincia de Sevilla.<img data-recalc-dims=\"1\" loading=\"lazy\" decoding=\"async\" class=\"wp-image-1243 size-large aligncenter\" src=\"https:\/\/i0.wp.com\/wp.catedu.es\/ochoben\/wp-content\/uploads\/sites\/5\/2015\/10\/image.jpeg?resize=474%2C356\" alt=\"image\" width=\"474\" height=\"356\" srcset=\"https:\/\/i0.wp.com\/wp.catedu.es\/ochoben\/wp-content\/uploads\/sites\/5\/2015\/10\/image.jpeg?resize=1024%2C768&amp;ssl=1 1024w, https:\/\/i0.wp.com\/wp.catedu.es\/ochoben\/wp-content\/uploads\/sites\/5\/2015\/10\/image.jpeg?resize=300%2C225&amp;ssl=1 300w, https:\/\/i0.wp.com\/wp.catedu.es\/ochoben\/wp-content\/uploads\/sites\/5\/2015\/10\/image.jpeg?w=948 948w, https:\/\/i0.wp.com\/wp.catedu.es\/ochoben\/wp-content\/uploads\/sites\/5\/2015\/10\/image.jpeg?w=1422 1422w\" sizes=\"auto, (max-width: 474px) 100vw, 474px\" \/><\/p>\n<p>Nuestros chicos y chicas presentar\u00e1n Jaca a los compa\u00f1eros andaluces explicando, esperemos que con naturalidad,\u00a0 <strong><a href=\"https:\/\/drive.google.com\/file\/d\/0BzUZ0wWimmhUV3JsWWQ4M2ZpUU0\/view?usp=sharing\">estas im\u00e1genes<\/a><\/strong>.<\/p>\n<p>Esta presentaci\u00f3n explica la naturaleza que nos rodea.\u00a0Tiene que ver con la geograf\u00eda de nuestro entorno, c\u00f3mo las estaciones se suceden, la biodiversidad, la historia, las actividades cotidianas y deportivas que estos elementos f\u00edsicos propician&#8230;, etc.<\/p>\n<p><img data-recalc-dims=\"1\" loading=\"lazy\" decoding=\"async\" class=\"wp-image-1244 size-large aligncenter\" src=\"https:\/\/i0.wp.com\/wp.catedu.es\/ochoben\/wp-content\/uploads\/sites\/5\/2015\/10\/image1.jpeg?resize=474%2C356\" alt=\"image\" width=\"474\" height=\"356\" srcset=\"https:\/\/i0.wp.com\/wp.catedu.es\/ochoben\/wp-content\/uploads\/sites\/5\/2015\/10\/image1.jpeg?resize=1024%2C768&amp;ssl=1 1024w, https:\/\/i0.wp.com\/wp.catedu.es\/ochoben\/wp-content\/uploads\/sites\/5\/2015\/10\/image1.jpeg?resize=300%2C225&amp;ssl=1 300w, https:\/\/i0.wp.com\/wp.catedu.es\/ochoben\/wp-content\/uploads\/sites\/5\/2015\/10\/image1.jpeg?w=948 948w, https:\/\/i0.wp.com\/wp.catedu.es\/ochoben\/wp-content\/uploads\/sites\/5\/2015\/10\/image1.jpeg?w=1422 1422w\" sizes=\"auto, (max-width: 474px) 100vw, 474px\" \/>El contenido de la estancia va a ser medioambiental: la ecolog\u00eda, el entorno\u2026 y a estos chicos el tema les va como anillo al dedo, por el Proyecto <a href=\"http:\/\/wp.catedu.es\/ochoben\/category\/biodiversidad-y-entorno\/\" target=\"_blank\">Biodiversidad y Entorno<\/a> en el que participaron el a\u00f1o pasado y que este a\u00f1o se llama Aula de Naturaleza.<\/p>\n<p>Durante este curso, ya han disfrutado de una <a href=\"https:\/\/www.facebook.com\/media\/set\/?set=a.1762627847297931.1073741851.1656541604573223&amp;type=3\">conferencia sobre la flora de los ibones<\/a>, impartida por Victor\u00a0Ezquerra y de una excursi\u00f3n a lo largo del valle: Arator\u00e9s- Somport-Sansanet.<\/p>\n<p><a href=\"https:\/\/i0.wp.com\/wp.catedu.es\/ochoben\/wp-content\/uploads\/sites\/5\/2015\/10\/Somport-2%C2%BA-ESO.jpg\"><img data-recalc-dims=\"1\" loading=\"lazy\" decoding=\"async\" class=\"aligncenter size-full wp-image-1286\" src=\"https:\/\/i0.wp.com\/wp.catedu.es\/ochoben\/wp-content\/uploads\/sites\/5\/2015\/10\/Somport-2%C2%BA-ESO.jpg?resize=474%2C354\" alt=\"Somport 2\u00ba ESO\" width=\"474\" height=\"354\" srcset=\"https:\/\/i0.wp.com\/wp.catedu.es\/ochoben\/wp-content\/uploads\/sites\/5\/2015\/10\/Somport-2%C2%BA-ESO.jpg?w=960&amp;ssl=1 960w, https:\/\/i0.wp.com\/wp.catedu.es\/ochoben\/wp-content\/uploads\/sites\/5\/2015\/10\/Somport-2%C2%BA-ESO.jpg?resize=300%2C224&amp;ssl=1 300w\" sizes=\"auto, (max-width: 474px) 100vw, 474px\" \/><\/a><\/p>\n<p>Adem\u00e1s, reciben sus clases de Ciencias Naturales impartidas en ingl\u00e9s.<\/p>\n","protected":false},"excerpt":{"rendered":"<p>Los alumnos de 2\u00ba ESO pluriling\u00fce, participan esta semana en una inmersi\u00f3n, una semana de pr\u00e1ctica intensiva en ingl\u00e9s en Soria, compartiendo instalaciones, actividades, comedor, etc. con un grupo de Lebrija, provincia de Sevilla. Nuestros chicos y chicas presentar\u00e1n Jaca a los compa\u00f1eros andaluces explicando, esperemos que con naturalidad,\u00a0 estas im\u00e1genes. Esta presentaci\u00f3n explica la &hellip; <a href=\"https:\/\/wp.catedu.es\/ochoben\/inmersiooooooon\/\" class=\"more-link\">Seguir leyendo <span class=\"screen-reader-text\">Inmersioooooo\u00f3n!<\/span> <span class=\"meta-nav\">&rarr;<\/span><\/a><\/p>\n","protected":false},"author":20,"featured_media":0,"comment_status":"closed","ping_status":"closed","sticky":false,"template":"","format":"standard","meta":{"_jetpack_newsletter_access":"","_jetpack_dont_email_post_to_subs":false,"_jetpack_newsletter_tier_id":0,"_jetpack_memberships_contains_paywalled_content":false,"_jetpack_memberships_contains_paid_content":false,"footnotes":""},"categories":[6,3],"tags":[],"class_list":["post-1242","post","type-post","status-publish","format-standard","hentry","category-biodiversidad-y-entorno","category-i-speak-english"],"jetpack_featured_media_url":"","jetpack_sharing_enabled":true,"jetpack_shortlink":"https:\/\/wp.me\/p5Lz4C-k2","_links":{"self":[{"href":"https:\/\/wp.catedu.es\/ochoben\/wp-json\/wp\/v2\/posts\/1242","targetHints":{"allow":["GET"]}}],"collection":[{"href":"https:\/\/wp.catedu.es\/ochoben\/wp-json\/wp\/v2\/posts"}],"about":[{"href":"https:\/\/wp.catedu.es\/ochoben\/wp-json\/wp\/v2\/types\/post"}],"author":[{"embeddable":true,"href":"https:\/\/wp.catedu.es\/ochoben\/wp-json\/wp\/v2\/users\/20"}],"replies":[{"embeddable":true,"href":"https:\/\/wp.catedu.es\/ochoben\/wp-json\/wp\/v2\/comments?post=1242"}],"version-history":[{"count":8,"href":"https:\/\/wp.catedu.es\/ochoben\/wp-json\/wp\/v2\/posts\/1242\/revisions"}],"predecessor-version":[{"id":1317,"href":"https:\/\/wp.catedu.es\/ochoben\/wp-json\/wp\/v2\/posts\/1242\/revisions\/1317"}],"wp:attachment":[{"href":"https:\/\/wp.catedu.es\/ochoben\/wp-json\/wp\/v2\/media?parent=1242"}],"wp:term":[{"taxonomy":"category","embeddable":true,"href":"https:\/\/wp.catedu.es\/ochoben\/wp-json\/wp\/v2\/categories?post=1242"},{"taxonomy":"post_tag","embeddable":true,"href":"https:\/\/wp.catedu.es\/ochoben\/wp-json\/wp\/v2\/tags?post=1242"}],"curies":[{"name":"wp","href":"https:\/\/api.w.org\/{rel}","templated":true}]}}