{"id":1931,"date":"2017-01-24T19:09:34","date_gmt":"2017-01-24T18:09:34","guid":{"rendered":"http:\/\/wp.catedu.es\/ochoben\/?p=1931"},"modified":"2017-01-24T19:09:34","modified_gmt":"2017-01-24T18:09:34","slug":"el-cineclub-de-los-jueves","status":"publish","type":"post","link":"https:\/\/wp.catedu.es\/ochoben\/el-cineclub-de-los-jueves\/","title":{"rendered":"El cineclub de los Jueves"},"content":{"rendered":"<p>DIEGO CEBOLLADA<\/p>\n<p>Hola a todas y todos, este jueves 26 proyectaremos en la sala de audiovisuales la segunda pel\u00edcula en el cinef\u00f3rum. Se trata del cl\u00e1sico del cine espa\u00f1ol\u00a0&#8220;<em><strong>Abre los ojos<\/strong><\/em>&#8220;. Una de las pel\u00edculas m\u00e1s trascendentes de Alejandro Amen\u00e1bar.<\/p>\n<p>La proyecci\u00f3n ser\u00e1 a las 18 h e ir\u00e1 seguida de un peque\u00f1o debate sobre la misma <strong>\u00a1Os esperamos!<\/strong><\/p>\n<p><img data-recalc-dims=\"1\" loading=\"lazy\" decoding=\"async\" class=\"aligncenter size-full wp-image-1932\" src=\"https:\/\/i0.wp.com\/wp.catedu.es\/ochoben\/wp-content\/uploads\/sites\/5\/2017\/01\/abre_los_ojos.jpg?resize=474%2C687\" alt=\"abre_los_ojos\" width=\"474\" height=\"687\" srcset=\"https:\/\/i0.wp.com\/wp.catedu.es\/ochoben\/wp-content\/uploads\/sites\/5\/2017\/01\/abre_los_ojos.jpg?w=828&amp;ssl=1 828w, https:\/\/i0.wp.com\/wp.catedu.es\/ochoben\/wp-content\/uploads\/sites\/5\/2017\/01\/abre_los_ojos.jpg?resize=207%2C300&amp;ssl=1 207w, https:\/\/i0.wp.com\/wp.catedu.es\/ochoben\/wp-content\/uploads\/sites\/5\/2017\/01\/abre_los_ojos.jpg?resize=707%2C1024&amp;ssl=1 707w\" sizes=\"auto, (max-width: 474px) 100vw, 474px\" \/><\/p>\n<p><strong>Argumento:<\/strong><\/p>\n<p>C\u00e9sar (<a href=\"https:\/\/es.wikipedia.org\/wiki\/Eduardo_Noriega\">Eduardo Noriega<\/a>) es un chico guapo y rico al que le gustan mucho las mujeres pero muy poco el compromiso. Sin embargo en la fiesta de su cumplea\u00f1os se enamora de Sof\u00eda (<a href=\"https:\/\/es.wikipedia.org\/wiki\/Pen%C3%A9lope_Cruz\">Pen\u00e9lope Cruz<\/a>), la acompa\u00f1ante de su mejor amigo, Pelayo (<a href=\"https:\/\/es.wikipedia.org\/wiki\/Fele_Mart%C3%ADnez\">Fele Mart\u00ednez<\/a>). Nuria (<a href=\"https:\/\/es.wikipedia.org\/wiki\/Najwa_Nimri\">Najwa Nimri<\/a>), una antigua amante de C\u00e9sar, movida por los celos provoca un accidente de coche en el que ella fallece y el rostro de C\u00e9sar queda completamente desfigurado. A partir de ese momento su vida cambia por completo, convirti\u00e9ndose en una horrible pesadilla.<\/p>\n","protected":false},"excerpt":{"rendered":"<p>DIEGO CEBOLLADA Hola a todas y todos, este jueves 26 proyectaremos en la sala de audiovisuales la segunda pel\u00edcula en el cinef\u00f3rum. Se trata del cl\u00e1sico del cine espa\u00f1ol\u00a0&#8220;Abre los ojos&#8220;. Una de las pel\u00edculas m\u00e1s trascendentes de Alejandro Amen\u00e1bar. La proyecci\u00f3n ser\u00e1 a las 18 h e ir\u00e1 seguida de un peque\u00f1o debate sobre &hellip; <a href=\"https:\/\/wp.catedu.es\/ochoben\/el-cineclub-de-los-jueves\/\" class=\"more-link\">Seguir leyendo <span class=\"screen-reader-text\">El cineclub de los Jueves<\/span> <span class=\"meta-nav\">&rarr;<\/span><\/a><\/p>\n","protected":false},"author":7,"featured_media":0,"comment_status":"closed","ping_status":"closed","sticky":false,"template":"","format":"standard","meta":{"_jetpack_newsletter_access":"","_jetpack_dont_email_post_to_subs":false,"_jetpack_newsletter_tier_id":0,"_jetpack_memberships_contains_paywalled_content":false,"_jetpack_memberships_contains_paid_content":false,"footnotes":""},"categories":[22],"tags":[61,65],"class_list":["post-1931","post","type-post","status-publish","format-standard","hentry","category-y-tu-que-miras","tag-61","tag-cineclub"],"jetpack_featured_media_url":"","jetpack_sharing_enabled":true,"jetpack_shortlink":"https:\/\/wp.me\/p5Lz4C-v9","_links":{"self":[{"href":"https:\/\/wp.catedu.es\/ochoben\/wp-json\/wp\/v2\/posts\/1931","targetHints":{"allow":["GET"]}}],"collection":[{"href":"https:\/\/wp.catedu.es\/ochoben\/wp-json\/wp\/v2\/posts"}],"about":[{"href":"https:\/\/wp.catedu.es\/ochoben\/wp-json\/wp\/v2\/types\/post"}],"author":[{"embeddable":true,"href":"https:\/\/wp.catedu.es\/ochoben\/wp-json\/wp\/v2\/users\/7"}],"replies":[{"embeddable":true,"href":"https:\/\/wp.catedu.es\/ochoben\/wp-json\/wp\/v2\/comments?post=1931"}],"version-history":[{"count":1,"href":"https:\/\/wp.catedu.es\/ochoben\/wp-json\/wp\/v2\/posts\/1931\/revisions"}],"predecessor-version":[{"id":1933,"href":"https:\/\/wp.catedu.es\/ochoben\/wp-json\/wp\/v2\/posts\/1931\/revisions\/1933"}],"wp:attachment":[{"href":"https:\/\/wp.catedu.es\/ochoben\/wp-json\/wp\/v2\/media?parent=1931"}],"wp:term":[{"taxonomy":"category","embeddable":true,"href":"https:\/\/wp.catedu.es\/ochoben\/wp-json\/wp\/v2\/categories?post=1931"},{"taxonomy":"post_tag","embeddable":true,"href":"https:\/\/wp.catedu.es\/ochoben\/wp-json\/wp\/v2\/tags?post=1931"}],"curies":[{"name":"wp","href":"https:\/\/api.w.org\/{rel}","templated":true}]}}