{"id":2049,"date":"2017-02-27T19:34:48","date_gmt":"2017-02-27T18:34:48","guid":{"rendered":"http:\/\/wp.catedu.es\/ochoben\/?p=2049"},"modified":"2017-02-27T19:39:50","modified_gmt":"2017-02-27T18:39:50","slug":"jueves-de-cine-ex-machina","status":"publish","type":"post","link":"https:\/\/wp.catedu.es\/ochoben\/jueves-de-cine-ex-machina\/","title":{"rendered":"Jueves de cine: &#8220;Ex Machina&#8221;"},"content":{"rendered":"<div>\n<p><img data-recalc-dims=\"1\" loading=\"lazy\" decoding=\"async\" class=\"aligncenter size-full wp-image-2052\" src=\"https:\/\/i0.wp.com\/wp.catedu.es\/ochoben\/wp-content\/uploads\/sites\/5\/2017\/02\/exmachina.jpg?resize=474%2C356\" alt=\"exmachina\" width=\"474\" height=\"356\" srcset=\"https:\/\/i0.wp.com\/wp.catedu.es\/ochoben\/wp-content\/uploads\/sites\/5\/2017\/02\/exmachina.jpg?w=1500&amp;ssl=1 1500w, https:\/\/i0.wp.com\/wp.catedu.es\/ochoben\/wp-content\/uploads\/sites\/5\/2017\/02\/exmachina.jpg?resize=300%2C225&amp;ssl=1 300w, https:\/\/i0.wp.com\/wp.catedu.es\/ochoben\/wp-content\/uploads\/sites\/5\/2017\/02\/exmachina.jpg?resize=1024%2C768&amp;ssl=1 1024w, https:\/\/i0.wp.com\/wp.catedu.es\/ochoben\/wp-content\/uploads\/sites\/5\/2017\/02\/exmachina.jpg?w=948 948w, https:\/\/i0.wp.com\/wp.catedu.es\/ochoben\/wp-content\/uploads\/sites\/5\/2017\/02\/exmachina.jpg?w=1422 1422w\" sizes=\"auto, (max-width: 474px) 100vw, 474px\" \/>Iniciamos mes y este primer jueves de marzo, d\u00eda 2, en la sala de audiovisuales, hay nueva cita de CineFor\u00fam. &#8220;Ex Machina&#8221; es la propuesta de pel\u00edcula en esta ocasi\u00f3n. Pel\u00edcula de 2015 que gan\u00f3 un \u00d3scar por sus efectos visuales.<\/p>\n<\/div>\n<div>Recordamos que la proyecci\u00f3n ser\u00e1 a las 18 horas y estar\u00e1 abierta, tras terminar de ver la pel\u00edcula, a que haya un peque\u00f1o debate sobre la misma \u00a1Os esperamos!<\/div>\n<div><\/div>\n<div>\n<p><span class=\"embed-youtube\" style=\"text-align:center; display: block;\"><iframe loading=\"lazy\" class=\"youtube-player\" width=\"474\" height=\"267\" src=\"https:\/\/www.youtube.com\/embed\/RqriTjZfRmc?version=3&#038;rel=1&#038;showsearch=0&#038;showinfo=1&#038;iv_load_policy=1&#038;fs=1&#038;hl=es-ES&#038;autohide=2&#038;wmode=transparent\" allowfullscreen=\"true\" style=\"border:0;\" sandbox=\"allow-scripts allow-same-origin allow-popups allow-presentation allow-popups-to-escape-sandbox\"><\/iframe><\/span><\/p>\n<p><strong>Sin\u00f3psis:<\/strong><br \/>\nNathan, un programador multimillonario con fama de reclusivo, selecciona a Caleb, un joven empleado de su empresa, para que pase una semana con \u00e9l en un lugar remoto en las monta\u00f1as con el objetivo de que participe en un test en el que est\u00e1 involucrada su \u00faltima creaci\u00f3n: Ava, un robot-mujer hecha completamente de inteligencia artificial. (Filmaffinity)<\/p>\n<\/div>\n","protected":false},"excerpt":{"rendered":"<p>Iniciamos mes y este primer jueves de marzo, d\u00eda 2, en la sala de audiovisuales, hay nueva cita de CineFor\u00fam. &#8220;Ex Machina&#8221; es la propuesta de pel\u00edcula en esta ocasi\u00f3n. Pel\u00edcula de 2015 que gan\u00f3 un \u00d3scar por sus efectos visuales. Recordamos que la proyecci\u00f3n ser\u00e1 a las 18 horas y estar\u00e1 abierta, tras terminar &hellip; <a href=\"https:\/\/wp.catedu.es\/ochoben\/jueves-de-cine-ex-machina\/\" class=\"more-link\">Seguir leyendo <span class=\"screen-reader-text\">Jueves de cine: &#8220;Ex Machina&#8221;<\/span> <span class=\"meta-nav\">&rarr;<\/span><\/a><\/p>\n","protected":false},"author":7,"featured_media":0,"comment_status":"closed","ping_status":"closed","sticky":false,"template":"","format":"standard","meta":{"_jetpack_newsletter_access":"","_jetpack_dont_email_post_to_subs":false,"_jetpack_newsletter_tier_id":0,"_jetpack_memberships_contains_paywalled_content":false,"_jetpack_memberships_contains_paid_content":false,"footnotes":""},"categories":[22],"tags":[61,70],"class_list":["post-2049","post","type-post","status-publish","format-standard","hentry","category-y-tu-que-miras","tag-61","tag-jueves-de-cine"],"jetpack_featured_media_url":"","jetpack_sharing_enabled":true,"jetpack_shortlink":"https:\/\/wp.me\/p5Lz4C-x3","_links":{"self":[{"href":"https:\/\/wp.catedu.es\/ochoben\/wp-json\/wp\/v2\/posts\/2049","targetHints":{"allow":["GET"]}}],"collection":[{"href":"https:\/\/wp.catedu.es\/ochoben\/wp-json\/wp\/v2\/posts"}],"about":[{"href":"https:\/\/wp.catedu.es\/ochoben\/wp-json\/wp\/v2\/types\/post"}],"author":[{"embeddable":true,"href":"https:\/\/wp.catedu.es\/ochoben\/wp-json\/wp\/v2\/users\/7"}],"replies":[{"embeddable":true,"href":"https:\/\/wp.catedu.es\/ochoben\/wp-json\/wp\/v2\/comments?post=2049"}],"version-history":[{"count":3,"href":"https:\/\/wp.catedu.es\/ochoben\/wp-json\/wp\/v2\/posts\/2049\/revisions"}],"predecessor-version":[{"id":2053,"href":"https:\/\/wp.catedu.es\/ochoben\/wp-json\/wp\/v2\/posts\/2049\/revisions\/2053"}],"wp:attachment":[{"href":"https:\/\/wp.catedu.es\/ochoben\/wp-json\/wp\/v2\/media?parent=2049"}],"wp:term":[{"taxonomy":"category","embeddable":true,"href":"https:\/\/wp.catedu.es\/ochoben\/wp-json\/wp\/v2\/categories?post=2049"},{"taxonomy":"post_tag","embeddable":true,"href":"https:\/\/wp.catedu.es\/ochoben\/wp-json\/wp\/v2\/tags?post=2049"}],"curies":[{"name":"wp","href":"https:\/\/api.w.org\/{rel}","templated":true}]}}