{"id":3014,"date":"2018-06-29T14:24:05","date_gmt":"2018-06-29T13:24:05","guid":{"rendered":"http:\/\/wp.catedu.es\/ochoben\/?p=3014"},"modified":"2018-07-06T17:51:09","modified_gmt":"2018-07-06T16:51:09","slug":"refugiados-por-el-mundo","status":"publish","type":"post","link":"https:\/\/wp.catedu.es\/ochoben\/refugiados-por-el-mundo\/","title":{"rendered":"Refugiados por el mundo"},"content":{"rendered":"<p><a href=\"https:\/\/i0.wp.com\/wp.catedu.es\/ochoben\/wp-content\/uploads\/sites\/5\/2018\/06\/refugiados-huyendo.jpg\"><img data-recalc-dims=\"1\" loading=\"lazy\" decoding=\"async\" class=\"size-medium wp-image-3026 alignright\" src=\"https:\/\/i0.wp.com\/wp.catedu.es\/ochoben\/wp-content\/uploads\/sites\/5\/2018\/06\/refugiados-huyendo.jpg?resize=300%2C187\" alt=\"FOR USE AS DESIRED, YEAR END PHOTOS - FILE -In this March 4, 2011 file photo, men from Bangladesh, who used to work in Libya but recently fled the unrest, walk with their belongings alongside a road, as they head to a refugee camp after crossing the Tunisia-Libyan border, in Ras Ajdir, Tunisia. (AP Photo\/Emilio Morenatti, File)\" width=\"300\" height=\"187\" srcset=\"https:\/\/i0.wp.com\/wp.catedu.es\/ochoben\/wp-content\/uploads\/sites\/5\/2018\/06\/refugiados-huyendo.jpg?resize=300%2C187&amp;ssl=1 300w, https:\/\/i0.wp.com\/wp.catedu.es\/ochoben\/wp-content\/uploads\/sites\/5\/2018\/06\/refugiados-huyendo.jpg?w=600&amp;ssl=1 600w\" sizes=\"auto, (max-width: 300px) 100vw, 300px\" \/><\/a>El mi\u00e9rcoles 20 de junio se celebraba el <b>D\u00eda Mundial del Refugiado<\/b>. Nos encontramos con una desoladora situaci\u00f3n: los datos de 2017, publicados por <a href=\"http:\/\/www.cear.es\">CEAR<\/a>, muestran que en Espa\u00f1a, 2 de cada 3 solicitudes de asilo son rechazadas, que 3.116 personas han muerto tratando de llegar a Europa y que, en el mundo, 68,5 millones de personas se han visto obligadas a abandonar su hogar.<\/p>\n<p align=\"JUSTIFY\">Para intentar acercar esta realidad, todo el alumnado de 3\u00ba de ESO ha participado en un proyecto sobre refugiados, <b>Refugiados por el Mundo.<\/b> Para ello, formaron equipos de 2, 3 o 4 personas, y al azar escogieron uno de los 10 principales pa\u00edses emisores o receptores de refugiados. El resumen de casi todo lo realizado se encuentra en este mapa interactivo, creado colectivamente:<\/p>\n<p style=\"text-align: center\" align=\"JUSTIFY\"><a href=\"https:\/\/www.zeemaps.com\/view?group=3055638&amp;x=11.584823&amp;y=28.279029&amp;z=16\" target=\"_blank\"><img data-recalc-dims=\"1\" loading=\"lazy\" decoding=\"async\" class=\"aligncenter wp-image-3048 size-full\" src=\"https:\/\/i0.wp.com\/wp.catedu.es\/ochoben\/wp-content\/uploads\/sites\/5\/2018\/06\/zeemaps-1.jpg?resize=474%2C273\" alt=\"zeemaps\" width=\"474\" height=\"273\" srcset=\"https:\/\/i0.wp.com\/wp.catedu.es\/ochoben\/wp-content\/uploads\/sites\/5\/2018\/06\/zeemaps-1.jpg?w=1011&amp;ssl=1 1011w, https:\/\/i0.wp.com\/wp.catedu.es\/ochoben\/wp-content\/uploads\/sites\/5\/2018\/06\/zeemaps-1.jpg?resize=300%2C173&amp;ssl=1 300w, https:\/\/i0.wp.com\/wp.catedu.es\/ochoben\/wp-content\/uploads\/sites\/5\/2018\/06\/zeemaps-1.jpg?w=948 948w\" sizes=\"auto, (max-width: 474px) 100vw, 474px\" \/><\/a><\/p>\n<p align=\"JUSTIFY\">Puedes pinchar en el mapa y acceder a los distintos blogs creados a lo largo del proyecto.<\/p>\n<p align=\"JUSTIFY\">El proyecto ha sido un proyecto interdisciplinar, en el que se ha trabajado desde distintas perspectivas.<\/p>\n<p align=\"JUSTIFY\">Desde las <b>Tutor\u00edas<\/b>, se realiz\u00f3 una actividad de sensibilizaci\u00f3n a trav\u00e9s de una visita de dos miembros de la <a href=\"https:\/\/es-es.facebook.com\/plataformaciudadanaprorefugiadosaltoaragon\/\">Plataforma Pro Refugiados del Alto Arag\u00f3n<\/a>, que narraron sus experiencias personales como personas de apoyo en distintos campos de refugiados en Serbia y en Grecia, acompa\u00f1adas de fotograf\u00edas de la dura realidad que all\u00ed se vive.<\/p>\n<p align=\"JUSTIFY\"><a href=\"https:\/\/i0.wp.com\/wp.catedu.es\/ochoben\/wp-content\/uploads\/sites\/5\/2018\/06\/dibujo-ni%C3%B1os-1.jpg\"><img data-recalc-dims=\"1\" loading=\"lazy\" decoding=\"async\" class=\"alignnone wp-image-3030\" src=\"https:\/\/i0.wp.com\/wp.catedu.es\/ochoben\/wp-content\/uploads\/sites\/5\/2018\/06\/dibujo-ni%C3%B1os-1.jpg?resize=230%2C130\" alt=\"dibujo ni\u00f1os\" width=\"230\" height=\"130\" srcset=\"https:\/\/i0.wp.com\/wp.catedu.es\/ochoben\/wp-content\/uploads\/sites\/5\/2018\/06\/dibujo-ni%C3%B1os-1.jpg?resize=300%2C169&amp;ssl=1 300w, https:\/\/i0.wp.com\/wp.catedu.es\/ochoben\/wp-content\/uploads\/sites\/5\/2018\/06\/dibujo-ni%C3%B1os-1.jpg?resize=1024%2C576&amp;ssl=1 1024w, https:\/\/i0.wp.com\/wp.catedu.es\/ochoben\/wp-content\/uploads\/sites\/5\/2018\/06\/dibujo-ni%C3%B1os-1.jpg?w=1936&amp;ssl=1 1936w, https:\/\/i0.wp.com\/wp.catedu.es\/ochoben\/wp-content\/uploads\/sites\/5\/2018\/06\/dibujo-ni%C3%B1os-1.jpg?w=948 948w, https:\/\/i0.wp.com\/wp.catedu.es\/ochoben\/wp-content\/uploads\/sites\/5\/2018\/06\/dibujo-ni%C3%B1os-1.jpg?w=1422 1422w\" sizes=\"auto, (max-width: 230px) 100vw, 230px\" \/><\/a><img data-recalc-dims=\"1\" loading=\"lazy\" decoding=\"async\" class=\"alignnone wp-image-3028\" src=\"https:\/\/i0.wp.com\/wp.catedu.es\/ochoben\/wp-content\/uploads\/sites\/5\/2018\/06\/letrinas.jpg?resize=230%2C130\" alt=\"letrinas\" width=\"230\" height=\"130\" srcset=\"https:\/\/i0.wp.com\/wp.catedu.es\/ochoben\/wp-content\/uploads\/sites\/5\/2018\/06\/letrinas.jpg?resize=300%2C169&amp;ssl=1 300w, https:\/\/i0.wp.com\/wp.catedu.es\/ochoben\/wp-content\/uploads\/sites\/5\/2018\/06\/letrinas.jpg?resize=1024%2C576&amp;ssl=1 1024w, https:\/\/i0.wp.com\/wp.catedu.es\/ochoben\/wp-content\/uploads\/sites\/5\/2018\/06\/letrinas.jpg?w=1600&amp;ssl=1 1600w, https:\/\/i0.wp.com\/wp.catedu.es\/ochoben\/wp-content\/uploads\/sites\/5\/2018\/06\/letrinas.jpg?w=948 948w, https:\/\/i0.wp.com\/wp.catedu.es\/ochoben\/wp-content\/uploads\/sites\/5\/2018\/06\/letrinas.jpg?w=1422 1422w\" sizes=\"auto, (max-width: 230px) 100vw, 230px\" \/><img data-recalc-dims=\"1\" loading=\"lazy\" decoding=\"async\" class=\"size-medium wp-image-3027 aligncenter\" src=\"https:\/\/i0.wp.com\/wp.catedu.es\/ochoben\/wp-content\/uploads\/sites\/5\/2018\/06\/school-of-hope.jpg?resize=300%2C169\" alt=\"school of hope\" width=\"300\" height=\"169\" srcset=\"https:\/\/i0.wp.com\/wp.catedu.es\/ochoben\/wp-content\/uploads\/sites\/5\/2018\/06\/school-of-hope.jpg?resize=300%2C169&amp;ssl=1 300w, https:\/\/i0.wp.com\/wp.catedu.es\/ochoben\/wp-content\/uploads\/sites\/5\/2018\/06\/school-of-hope.jpg?resize=1024%2C576&amp;ssl=1 1024w, https:\/\/i0.wp.com\/wp.catedu.es\/ochoben\/wp-content\/uploads\/sites\/5\/2018\/06\/school-of-hope.jpg?w=1600&amp;ssl=1 1600w, https:\/\/i0.wp.com\/wp.catedu.es\/ochoben\/wp-content\/uploads\/sites\/5\/2018\/06\/school-of-hope.jpg?w=948 948w, https:\/\/i0.wp.com\/wp.catedu.es\/ochoben\/wp-content\/uploads\/sites\/5\/2018\/06\/school-of-hope.jpg?w=1422 1422w\" sizes=\"auto, (max-width: 300px) 100vw, 300px\" \/> Desde la asignatura de <b>M\u00fasica<\/b>, cada equipo realiz\u00f3 una b\u00fasqueda de informaci\u00f3n relativa a <u>la m\u00fasica tradicional y la danza<\/u> del pa\u00eds que le correspond\u00eda. Finalmente, se realiz\u00f3 un trabajo pr\u00e1ctico consistente en una danza, la debka. Esta danza deriva de la davke \u00e1rabe, baile originario de la zona geogr\u00e1fica de L\u00edbano, y que presenta muchas variantes.<\/p>\n<p align=\"JUSTIFY\">El alumnado de 2\u00ba de PMAR, desde el <b>\u00c1mbito Ling\u00fc\u00edstico Social<\/b>, ha participado realizando los trabajos correspondientes a los pa\u00edses de <b>Kenia<\/b>, <b>Afganist\u00e1n<\/b> y <b>Rep\u00fablica Democr\u00e1tica del Congo<\/b>. Para ello, han realizado un <u>estudio geogr\u00e1fico<\/u> sobre los mismos, buscando informaci\u00f3n tanto del medio natural como de los indicadores del desarrollo. Han realizado mapas y gr\u00e1ficos sobre dichos aspectos (\u00edndice de analfabetismo, natalidad, mortalidad, densidad de poblaci\u00f3n, \u2026). Esta informaci\u00f3n ha sido vertida en murales y presentaciones en power point. Tambi\u00e9n han realizado una reflexi\u00f3n sobre los motivos por los que tales pa\u00edses se han convertido en emisores o receptores de refugiados.<\/p>\n<p align=\"JUSTIFY\"><a href=\"https:\/\/i0.wp.com\/wp.catedu.es\/ochoben\/wp-content\/uploads\/sites\/5\/2018\/06\/20180628_224917.jpg\"><img data-recalc-dims=\"1\" loading=\"lazy\" decoding=\"async\" class=\"alignnone wp-image-3016\" src=\"https:\/\/i0.wp.com\/wp.catedu.es\/ochoben\/wp-content\/uploads\/sites\/5\/2018\/06\/20180628_224917.jpg?resize=160%2C240\" alt=\"_20180628_224917\" width=\"160\" height=\"240\" srcset=\"https:\/\/i0.wp.com\/wp.catedu.es\/ochoben\/wp-content\/uploads\/sites\/5\/2018\/06\/20180628_224917.jpg?resize=200%2C300&amp;ssl=1 200w, https:\/\/i0.wp.com\/wp.catedu.es\/ochoben\/wp-content\/uploads\/sites\/5\/2018\/06\/20180628_224917.jpg?resize=684%2C1024&amp;ssl=1 684w, https:\/\/i0.wp.com\/wp.catedu.es\/ochoben\/wp-content\/uploads\/sites\/5\/2018\/06\/20180628_224917.jpg?w=1732&amp;ssl=1 1732w, https:\/\/i0.wp.com\/wp.catedu.es\/ochoben\/wp-content\/uploads\/sites\/5\/2018\/06\/20180628_224917.jpg?w=948 948w, https:\/\/i0.wp.com\/wp.catedu.es\/ochoben\/wp-content\/uploads\/sites\/5\/2018\/06\/20180628_224917.jpg?w=1422 1422w\" sizes=\"auto, (max-width: 160px) 100vw, 160px\" \/><\/a> <a href=\"https:\/\/i0.wp.com\/wp.catedu.es\/ochoben\/wp-content\/uploads\/sites\/5\/2018\/06\/20180628_224859.jpg\"><img data-recalc-dims=\"1\" loading=\"lazy\" decoding=\"async\" class=\"alignnone wp-image-3017\" src=\"https:\/\/i0.wp.com\/wp.catedu.es\/ochoben\/wp-content\/uploads\/sites\/5\/2018\/06\/20180628_224859.jpg?resize=151%2C241\" alt=\"_20180628_224859\" width=\"151\" height=\"241\" srcset=\"https:\/\/i0.wp.com\/wp.catedu.es\/ochoben\/wp-content\/uploads\/sites\/5\/2018\/06\/20180628_224859.jpg?resize=188%2C300&amp;ssl=1 188w, https:\/\/i0.wp.com\/wp.catedu.es\/ochoben\/wp-content\/uploads\/sites\/5\/2018\/06\/20180628_224859.jpg?resize=642%2C1024&amp;ssl=1 642w, https:\/\/i0.wp.com\/wp.catedu.es\/ochoben\/wp-content\/uploads\/sites\/5\/2018\/06\/20180628_224859.jpg?w=1606&amp;ssl=1 1606w, https:\/\/i0.wp.com\/wp.catedu.es\/ochoben\/wp-content\/uploads\/sites\/5\/2018\/06\/20180628_224859.jpg?w=948 948w, https:\/\/i0.wp.com\/wp.catedu.es\/ochoben\/wp-content\/uploads\/sites\/5\/2018\/06\/20180628_224859.jpg?w=1422 1422w\" sizes=\"auto, (max-width: 151px) 100vw, 151px\" \/><\/a> <a href=\"https:\/\/i0.wp.com\/wp.catedu.es\/ochoben\/wp-content\/uploads\/sites\/5\/2018\/06\/20180628_224839.jpg\"><img data-recalc-dims=\"1\" loading=\"lazy\" decoding=\"async\" class=\"alignnone wp-image-3015\" src=\"https:\/\/i0.wp.com\/wp.catedu.es\/ochoben\/wp-content\/uploads\/sites\/5\/2018\/06\/20180628_224839.jpg?resize=152%2C236\" alt=\"_20180628_224839\" width=\"152\" height=\"236\" srcset=\"https:\/\/i0.wp.com\/wp.catedu.es\/ochoben\/wp-content\/uploads\/sites\/5\/2018\/06\/20180628_224839.jpg?resize=193%2C300&amp;ssl=1 193w, https:\/\/i0.wp.com\/wp.catedu.es\/ochoben\/wp-content\/uploads\/sites\/5\/2018\/06\/20180628_224839.jpg?resize=659%2C1024&amp;ssl=1 659w, https:\/\/i0.wp.com\/wp.catedu.es\/ochoben\/wp-content\/uploads\/sites\/5\/2018\/06\/20180628_224839.jpg?w=1574&amp;ssl=1 1574w, https:\/\/i0.wp.com\/wp.catedu.es\/ochoben\/wp-content\/uploads\/sites\/5\/2018\/06\/20180628_224839.jpg?w=948 948w, https:\/\/i0.wp.com\/wp.catedu.es\/ochoben\/wp-content\/uploads\/sites\/5\/2018\/06\/20180628_224839.jpg?w=1422 1422w\" sizes=\"auto, (max-width: 152px) 100vw, 152px\" \/><\/a><\/p>\n<p align=\"JUSTIFY\">El alumnado de <b>Matem\u00e1ticas Aplicadas<\/b> particip\u00f3 en la primera fase, junto con el alumnado de <b>Matem\u00e1ticas Acad\u00e9micas<\/b>, del proyecto de refugiados. En este proyecto se desarrollaron los bloques tem\u00e1ticos de geometr\u00eda, estad\u00edstica y funciones.<\/p>\n<p align=\"JUSTIFY\">El trabajo geom\u00e9trico se dividi\u00f3 en dos fases:<\/p>\n<ul>\n<li style=\"text-align: center\">\n<p align=\"JUSTIFY\"><u>Dise\u00f1o de viviendas en campos de refugiados<\/u>. Para ello, el alumnado utiliz\u00f3 el documento de Cruz Roja Internacional y Media Luna Roja Internacional llamado <a href=\"http:\/\/www.acnur.org\/fileadmin\/Documentos\/Publicaciones\/2011\/8206.pdf\">El Proyecto Esfera, Carta Humanitaria y normas m\u00ednimas para la respuesta humanitaria<\/a>, y partiendo de datos reales sobre la composici\u00f3n media de las familias en la zona de estudio, la climatolog\u00eda, etc, deb\u00edan dise\u00f1ar viviendas. Algunos datos particularmente impactantes eran casas de 21 m<sup>2<\/sup> para familias de 7 personas.<\/p>\n<p><a href=\"https:\/\/i0.wp.com\/wp.catedu.es\/ochoben\/wp-content\/uploads\/sites\/5\/2018\/06\/planta-vivienda.jpg\"><img data-recalc-dims=\"1\" loading=\"lazy\" decoding=\"async\" class=\"alignnone size-medium wp-image-3025\" src=\"https:\/\/i0.wp.com\/wp.catedu.es\/ochoben\/wp-content\/uploads\/sites\/5\/2018\/06\/planta-vivienda.jpg?resize=300%2C217\" alt=\"planta vivienda\" width=\"300\" height=\"217\" srcset=\"https:\/\/i0.wp.com\/wp.catedu.es\/ochoben\/wp-content\/uploads\/sites\/5\/2018\/06\/planta-vivienda.jpg?resize=300%2C217&amp;ssl=1 300w, https:\/\/i0.wp.com\/wp.catedu.es\/ochoben\/wp-content\/uploads\/sites\/5\/2018\/06\/planta-vivienda.jpg?w=640&amp;ssl=1 640w\" sizes=\"auto, (max-width: 300px) 100vw, 300px\" \/><\/a><\/li>\n<li>\n<p align=\"JUSTIFY\"><u>Dise\u00f1o de campos de refugiados<\/u>. En este caso, se utiliz\u00f3 el documento de ACNUR llamado <a href=\"https:\/\/eacnur.org\/blog\/la-anatomia-de-un-campo-de-refugiados\/\">Anatom\u00eda de un campo de refugiados: Atenci\u00f3n y necesidades<\/a>. En base a dicho documento, dise\u00f1aron campos de refugiados, hicieron mapas a escala, distribuyeron centros de salud, escuelas, puntos de agua, \u2026 Tambi\u00e9n construyeron <a href=\"https:\/\/www.sundialzone.com\/es\/relojdesol\">relojes de sol<\/a> para cada latitud. Aqu\u00ed nos llam\u00f3 la atenci\u00f3n c\u00f3mo aquellos pa\u00edses que distaban del ecuador menos que la declinaci\u00f3n terrestre, necesitaban dos relojes de sol: uno con orientaci\u00f3n norte para medio a\u00f1o, y otro con orientaci\u00f3n sur para el otro a\u00f1o.<\/p>\n<\/li>\n<\/ul>\n<p align=\"JUSTIFY\"><a href=\"https:\/\/i0.wp.com\/wp.catedu.es\/ochoben\/wp-content\/uploads\/sites\/5\/2018\/06\/barrio.jpg\"><img data-recalc-dims=\"1\" loading=\"lazy\" decoding=\"async\" class=\"alignnone wp-image-3023\" src=\"https:\/\/i0.wp.com\/wp.catedu.es\/ochoben\/wp-content\/uploads\/sites\/5\/2018\/06\/barrio.jpg?resize=209%2C255\" alt=\"barrio\" width=\"209\" height=\"255\" srcset=\"https:\/\/i0.wp.com\/wp.catedu.es\/ochoben\/wp-content\/uploads\/sites\/5\/2018\/06\/barrio.jpg?resize=246%2C300&amp;ssl=1 246w, https:\/\/i0.wp.com\/wp.catedu.es\/ochoben\/wp-content\/uploads\/sites\/5\/2018\/06\/barrio.jpg?w=262&amp;ssl=1 262w\" sizes=\"auto, (max-width: 209px) 100vw, 209px\" \/><\/a> <a href=\"https:\/\/i0.wp.com\/wp.catedu.es\/ochoben\/wp-content\/uploads\/sites\/5\/2018\/06\/dise%C3%B1o-por-barrios.jpg\"><img data-recalc-dims=\"1\" loading=\"lazy\" decoding=\"async\" class=\"alignnone wp-image-3024\" src=\"https:\/\/i0.wp.com\/wp.catedu.es\/ochoben\/wp-content\/uploads\/sites\/5\/2018\/06\/dise%C3%B1o-por-barrios.jpg?resize=254%2C203\" alt=\"dise\u00f1o por barrios\" width=\"254\" height=\"203\" srcset=\"https:\/\/i0.wp.com\/wp.catedu.es\/ochoben\/wp-content\/uploads\/sites\/5\/2018\/06\/dise%C3%B1o-por-barrios.jpg?resize=300%2C240&amp;ssl=1 300w, https:\/\/i0.wp.com\/wp.catedu.es\/ochoben\/wp-content\/uploads\/sites\/5\/2018\/06\/dise%C3%B1o-por-barrios.jpg?w=320&amp;ssl=1 320w\" sizes=\"auto, (max-width: 254px) 100vw, 254px\" \/><\/a><\/p>\n<p align=\"JUSTIFY\">Por otra parte, todo el alumnado encuest\u00f3 a personas de la comarca jacetana, distribuidas por sexos y tramos de edad, para estudiar cu\u00e1l es la <u>percepci\u00f3n social de los refugiados en la comarca<\/u>. Tras volcar los resultados y hacer el recuento, cada equipo realiz\u00f3 el estudio estad\u00edstico correspondiente, con c\u00e1lculos de medidas de centralizaci\u00f3n, de dispersi\u00f3n, realizaci\u00f3n de gr\u00e1ficos estad\u00edsticos y extracci\u00f3n de conclusiones. El equipo que realiz\u00f3 el estudio m\u00e1s completo present\u00f3 sus conclusiones a la <a href=\"https:\/\/refugiados-iee.org\/\">Iglesia Evang\u00e9lica de Jaca<\/a>, que es la entidad que en Jaca se ocupa de la acogida de refugiados, a trav\u00e9s del Programa de Acogida e Integraci\u00f3n para Solicitantes de Protecci\u00f3n Internacional, que proviene del Ministerio de Empleo y Seguridad Social. Pincha en la siguiente imagen para ver la presentaci\u00f3n del trabajo.<\/p>\n<p align=\"JUSTIFY\"><a href=\"http:\/\/wp.catedu.es\/ochoben\/wp-content\/uploads\/sites\/5\/2018\/06\/presentaci\u00f3n-estad\u00edstica.ppsx\"><img data-recalc-dims=\"1\" loading=\"lazy\" decoding=\"async\" class=\"aligncenter wp-image-3052\" src=\"https:\/\/i0.wp.com\/wp.catedu.es\/ochoben\/wp-content\/uploads\/sites\/5\/2018\/06\/estad%C3%ADstica.jpg?resize=363%2C145\" alt=\"estad\u00edstica\" width=\"363\" height=\"145\" srcset=\"https:\/\/i0.wp.com\/wp.catedu.es\/ochoben\/wp-content\/uploads\/sites\/5\/2018\/06\/estad%C3%ADstica.jpg?w=769&amp;ssl=1 769w, https:\/\/i0.wp.com\/wp.catedu.es\/ochoben\/wp-content\/uploads\/sites\/5\/2018\/06\/estad%C3%ADstica.jpg?resize=300%2C120&amp;ssl=1 300w\" sizes=\"auto, (max-width: 363px) 100vw, 363px\" \/><\/a>Tras la explicaci\u00f3n, los cuatro empleados de la entidad que se ocupan de este programa nos transmitieron cu\u00e1l es el funcionamiento del programa en la localidad. Sorprendi\u00f3 particularmente que los refugiados que acoge Jaca no proceden tanto de Siria u otros pa\u00edses \u00e1rabes o africanos, como habr\u00edamos esperado, sino principalmente de Am\u00e9rica Latina.<\/p>\n<p align=\"JUSTIFY\">Finalmente, tambi\u00e9n cada estudiante busc\u00f3 <u>gr\u00e1ficas referentes a la situaci\u00f3n de los refugiados<\/u> en su pa\u00eds correspondiente, y a trav\u00e9s de ellas aprendieron a identificar las caracter\u00edsticas de las funciones y a interpretar la informaci\u00f3n que las gr\u00e1ficas nos proporcionan.<\/p>\n<p align=\"JUSTIFY\">Cada equipo recogi\u00f3 sus tareas realizadas en un blog. Generamos c\u00f3digos QR que nos permitieran enlazar a los blogs escaneando los c\u00f3digos con el m\u00f3vil. As\u00ed, creamos un mural colectivo e interactivo, adem\u00e1s del mapa digital que est\u00e1 al principio de esta entrada.<\/p>\n<p style=\"text-align: center\" align=\"JUSTIFY\"><a href=\"https:\/\/i0.wp.com\/wp.catedu.es\/ochoben\/wp-content\/uploads\/sites\/5\/2018\/06\/20180628_224809.jpg\"><img data-recalc-dims=\"1\" loading=\"lazy\" decoding=\"async\" class=\"aligncenter size-full wp-image-3018\" src=\"https:\/\/i0.wp.com\/wp.catedu.es\/ochoben\/wp-content\/uploads\/sites\/5\/2018\/06\/20180628_224809.jpg?resize=474%2C247\" alt=\"_20180628_224809\" width=\"474\" height=\"247\" srcset=\"https:\/\/i0.wp.com\/wp.catedu.es\/ochoben\/wp-content\/uploads\/sites\/5\/2018\/06\/20180628_224809.jpg?w=2592&amp;ssl=1 2592w, https:\/\/i0.wp.com\/wp.catedu.es\/ochoben\/wp-content\/uploads\/sites\/5\/2018\/06\/20180628_224809.jpg?resize=300%2C156&amp;ssl=1 300w, https:\/\/i0.wp.com\/wp.catedu.es\/ochoben\/wp-content\/uploads\/sites\/5\/2018\/06\/20180628_224809.jpg?resize=1024%2C533&amp;ssl=1 1024w, https:\/\/i0.wp.com\/wp.catedu.es\/ochoben\/wp-content\/uploads\/sites\/5\/2018\/06\/20180628_224809.jpg?w=948 948w, https:\/\/i0.wp.com\/wp.catedu.es\/ochoben\/wp-content\/uploads\/sites\/5\/2018\/06\/20180628_224809.jpg?w=1422 1422w\" sizes=\"auto, (max-width: 474px) 100vw, 474px\" \/><\/a><\/p>\n<p>En definitiva, se trata de un proyecto que ha permitido al alumnado acercarse a una realidad tal vez no tan conocida para ellos, y que ha propiciado el desarrollo de aspectos competenciales como la gesti\u00f3n del equipo, la toma de decisiones o el enfrentarse a retos nuevos.<\/p>\n<p align=\"JUSTIFY\">Y cerramos con un pensamiento: Ojal\u00e1 llegue un d\u00eda que este tema sea cosa del pasado.<\/p>\n","protected":false},"excerpt":{"rendered":"<p>El mi\u00e9rcoles 20 de junio se celebraba el D\u00eda Mundial del Refugiado. Nos encontramos con una desoladora situaci\u00f3n: los datos de 2017, publicados por CEAR, muestran que en Espa\u00f1a, 2 de cada 3 solicitudes de asilo son rechazadas, que 3.116 personas han muerto tratando de llegar a Europa y que, en el mundo, 68,5 millones &hellip; <a href=\"https:\/\/wp.catedu.es\/ochoben\/refugiados-por-el-mundo\/\" class=\"more-link\">Seguir leyendo <span class=\"screen-reader-text\">Refugiados por el mundo<\/span> <span class=\"meta-nav\">&rarr;<\/span><\/a><\/p>\n","protected":false},"author":178,"featured_media":0,"comment_status":"closed","ping_status":"closed","sticky":false,"template":"","format":"standard","meta":{"_jetpack_newsletter_access":"","_jetpack_dont_email_post_to_subs":false,"_jetpack_newsletter_tier_id":0,"_jetpack_memberships_contains_paywalled_content":false,"_jetpack_memberships_contains_paid_content":false,"footnotes":""},"categories":[8],"tags":[82,99,13,96,58,98,95,97,17],"class_list":["post-3014","post","type-post","status-publish","format-standard","hentry","category-de-lunes-a-viernes","tag-82","tag-2o-pmar","tag-3o-eso","tag-abp","tag-matematicas","tag-musica","tag-proyecto","tag-refugiados","tag-tutoria"],"jetpack_featured_media_url":"","jetpack_sharing_enabled":true,"jetpack_shortlink":"https:\/\/wp.me\/p5Lz4C-MC","_links":{"self":[{"href":"https:\/\/wp.catedu.es\/ochoben\/wp-json\/wp\/v2\/posts\/3014","targetHints":{"allow":["GET"]}}],"collection":[{"href":"https:\/\/wp.catedu.es\/ochoben\/wp-json\/wp\/v2\/posts"}],"about":[{"href":"https:\/\/wp.catedu.es\/ochoben\/wp-json\/wp\/v2\/types\/post"}],"author":[{"embeddable":true,"href":"https:\/\/wp.catedu.es\/ochoben\/wp-json\/wp\/v2\/users\/178"}],"replies":[{"embeddable":true,"href":"https:\/\/wp.catedu.es\/ochoben\/wp-json\/wp\/v2\/comments?post=3014"}],"version-history":[{"count":27,"href":"https:\/\/wp.catedu.es\/ochoben\/wp-json\/wp\/v2\/posts\/3014\/revisions"}],"predecessor-version":[{"id":3058,"href":"https:\/\/wp.catedu.es\/ochoben\/wp-json\/wp\/v2\/posts\/3014\/revisions\/3058"}],"wp:attachment":[{"href":"https:\/\/wp.catedu.es\/ochoben\/wp-json\/wp\/v2\/media?parent=3014"}],"wp:term":[{"taxonomy":"category","embeddable":true,"href":"https:\/\/wp.catedu.es\/ochoben\/wp-json\/wp\/v2\/categories?post=3014"},{"taxonomy":"post_tag","embeddable":true,"href":"https:\/\/wp.catedu.es\/ochoben\/wp-json\/wp\/v2\/tags?post=3014"}],"curies":[{"name":"wp","href":"https:\/\/api.w.org\/{rel}","templated":true}]}}