{"id":305,"date":"2015-02-19T16:00:31","date_gmt":"2015-02-19T15:00:31","guid":{"rendered":"http:\/\/wp.catedu.es\/ochoben\/?p=305"},"modified":"2018-06-18T18:34:53","modified_gmt":"2018-06-18T17:34:53","slug":"la-naturaleza-de-la-alta-montana-pirenaica","status":"publish","type":"post","link":"https:\/\/wp.catedu.es\/ochoben\/la-naturaleza-de-la-alta-montana-pirenaica\/","title":{"rendered":"LA NATURALEZA DE LA ALTA MONTA\u00d1A PIRENAICA"},"content":{"rendered":"<p>Los alumnos de 2\u00ba de E.S.O, guiados por varios profesores del Departamento de Ciencias Naturales, aprovecharon la espl\u00e9ndida y soleada jornada del d\u00eda 23 de octubre para realizar una excursi\u00f3n, ya cl\u00e1sica en el IES Domingo Miral, al valle del r\u00edo Arag\u00f3n. Este curso 2014-2015, a diferencia de los anteriores, se realiz\u00f3 en oto\u00f1o y no en primavera y est\u00e1 incluida en el Proyecto de Innovaci\u00f3n Educativa \u201c<em>La biodiversidad en nuestro entorno<\/em>\u201d pues uno de sus objetivos es el estudio de la diversidad de ecosistemas existente en las dos vertientes del Pirineo.<\/p>\n<p style=\"text-align: center\"><a href=\"https:\/\/i0.wp.com\/wp.catedu.es\/ochoben\/wp-content\/uploads\/sites\/5\/2015\/01\/Arator%C3%A9s.jpg\"><img data-recalc-dims=\"1\" loading=\"lazy\" decoding=\"async\" class=\"alignnone wp-image-308\" src=\"https:\/\/i0.wp.com\/wp.catedu.es\/ochoben\/wp-content\/uploads\/sites\/5\/2015\/01\/Arator%C3%A9s.jpg?resize=399%2C299\" alt=\"Arator\u00e9s\" width=\"399\" height=\"299\" srcset=\"https:\/\/i0.wp.com\/wp.catedu.es\/ochoben\/wp-content\/uploads\/sites\/5\/2015\/01\/Arator%C3%A9s.jpg?resize=300%2C225&amp;ssl=1 300w, https:\/\/i0.wp.com\/wp.catedu.es\/ochoben\/wp-content\/uploads\/sites\/5\/2015\/01\/Arator%C3%A9s.jpg?w=850&amp;ssl=1 850w\" sizes=\"auto, (max-width: 399px) 100vw, 399px\" \/><\/a><\/p>\n<p><!--more-->La primera parada la hicimos en la entrada del pueblo de <strong>Arator\u00e9s<\/strong>, en donde se encuentra ubicado un panel de la ruta geol\u00f3gica transpirenaica. All\u00ed se observan ecosistemas mediterr\u00e1neos y submediterr\u00e1neos como quejigares, pinares de pino royo y carrascales; tambi\u00e9n bosques h\u00famedos como los abetales acantonados en la umbr\u00eda de Oroel y por encima de Castiello. Por otra parte, este lugar tiene inter\u00e9s geomorfol\u00f3gico porque se divisan los cordones morr\u00e9nicos terminales del fondo del valle del Arag\u00f3n y se puede caminar sobre una morrena lateral, como se puede apreciar en la fotograf\u00eda de arriba.<\/p>\n<p><a href=\"https:\/\/i0.wp.com\/wp.catedu.es\/ochoben\/wp-content\/uploads\/sites\/5\/2015\/01\/Bosque-Sansanet.jpg\"><img data-recalc-dims=\"1\" loading=\"lazy\" decoding=\"async\" class=\"alignnone wp-image-309\" src=\"https:\/\/i0.wp.com\/wp.catedu.es\/ochoben\/wp-content\/uploads\/sites\/5\/2015\/01\/Bosque-Sansanet.jpg?resize=429%2C285\" alt=\"Bosque Sansanet\" width=\"429\" height=\"285\" srcset=\"https:\/\/i0.wp.com\/wp.catedu.es\/ochoben\/wp-content\/uploads\/sites\/5\/2015\/01\/Bosque-Sansanet.jpg?resize=300%2C199&amp;ssl=1 300w, https:\/\/i0.wp.com\/wp.catedu.es\/ochoben\/wp-content\/uploads\/sites\/5\/2015\/01\/Bosque-Sansanet.jpg?w=850&amp;ssl=1 850w\" sizes=\"auto, (max-width: 429px) 100vw, 429px\" \/><\/a><\/p>\n<p>Con el autob\u00fas atravesamos el t\u00fanel de Somport para pasar a la vertiente francesa y dirigirnos al <strong>bosque de Sansanet<\/strong>, un soberbio hayedo-abetal enclavado en el parque nacional de los Pirineos. En un corto paseo por este claro ejemplo de bosque atl\u00e1ntico propio de la h\u00fameda vertiente septentrional de la cordillera, los alumnos conocieron las principales especies vegetales (como el haya, el abeto, el tejo, helechos y musgos), adem\u00e1s de maravillarse con los bellos colores del oto\u00f1o.<\/p>\n<p><a href=\"https:\/\/i0.wp.com\/wp.catedu.es\/ochoben\/wp-content\/uploads\/sites\/5\/2015\/01\/Somport.jpg\"><img data-recalc-dims=\"1\" loading=\"lazy\" decoding=\"async\" class=\"alignnone wp-image-312\" src=\"https:\/\/i0.wp.com\/wp.catedu.es\/ochoben\/wp-content\/uploads\/sites\/5\/2015\/01\/Somport.jpg?resize=428%2C321\" alt=\"Somport\" width=\"428\" height=\"321\" srcset=\"https:\/\/i0.wp.com\/wp.catedu.es\/ochoben\/wp-content\/uploads\/sites\/5\/2015\/01\/Somport.jpg?resize=300%2C225&amp;ssl=1 300w, https:\/\/i0.wp.com\/wp.catedu.es\/ochoben\/wp-content\/uploads\/sites\/5\/2015\/01\/Somport.jpg?w=850&amp;ssl=1 850w\" sizes=\"auto, (max-width: 428px) 100vw, 428px\" \/><\/a><\/p>\n<p>De nuevo en el autob\u00fas, subimos al <strong>puerto de Somport<\/strong> para caminar por la zona fronteriza a una peque\u00f1a cota que hace de mirador de un \u00e1rea donde la geomorfolog\u00eda glaciar est\u00e1 muy presente (valles en U, picos piramidales, rocas estriadas, etc). Recorremos el l\u00edmite del bosque montano (el hayedo abetal) y nos encontramos con algunos ejemplares de plantas del piso subapino como el pino negro, el serbal de cazadores o los matorrales caracter\u00edsticos que cubren el sotobosque (ar\u00e1ndano, brecina, gayuba, enebro rastrero y rododendro). Tambi\u00e9n tenemos la oportunidad de hacer la foto de grupo:<\/p>\n<p><a href=\"https:\/\/i0.wp.com\/wp.catedu.es\/ochoben\/wp-content\/uploads\/sites\/5\/2015\/01\/grupo-2-ESO.jpg\"><img data-recalc-dims=\"1\" loading=\"lazy\" decoding=\"async\" class=\"alignnone wp-image-311\" src=\"https:\/\/i0.wp.com\/wp.catedu.es\/ochoben\/wp-content\/uploads\/sites\/5\/2015\/01\/grupo-2-ESO-300x225.jpg?resize=435%2C326\" alt=\"grupo 2 ESO\" width=\"435\" height=\"326\" srcset=\"https:\/\/i0.wp.com\/wp.catedu.es\/ochoben\/wp-content\/uploads\/sites\/5\/2015\/01\/grupo-2-ESO.jpg?resize=300%2C225&amp;ssl=1 300w, https:\/\/i0.wp.com\/wp.catedu.es\/ochoben\/wp-content\/uploads\/sites\/5\/2015\/01\/grupo-2-ESO.jpg?resize=1024%2C768&amp;ssl=1 1024w, https:\/\/i0.wp.com\/wp.catedu.es\/ochoben\/wp-content\/uploads\/sites\/5\/2015\/01\/grupo-2-ESO.jpg?w=1250&amp;ssl=1 1250w, https:\/\/i0.wp.com\/wp.catedu.es\/ochoben\/wp-content\/uploads\/sites\/5\/2015\/01\/grupo-2-ESO.jpg?w=948 948w\" sizes=\"auto, (max-width: 435px) 100vw, 435px\" \/><\/a><\/p>\n<p>Como colof\u00f3n a esta variada jornada, un peque\u00f1o periodo de recreo en <strong>Canfranc-Los Ara\u00f1ones<\/strong>, sin perderse una breve charla sobre la asombrosa historia de la construcci\u00f3n de su imponente (y abandonada) estaci\u00f3n internacional.<\/p>\n<p><a href=\"https:\/\/i0.wp.com\/wp.catedu.es\/ochoben\/wp-content\/uploads\/sites\/5\/2015\/01\/Canfranc.jpg\"><img data-recalc-dims=\"1\" loading=\"lazy\" decoding=\"async\" class=\"alignnone wp-image-310\" src=\"https:\/\/i0.wp.com\/wp.catedu.es\/ochoben\/wp-content\/uploads\/sites\/5\/2015\/01\/Canfranc.jpg?resize=437%2C290\" alt=\"Canfranc\" width=\"437\" height=\"290\" srcset=\"https:\/\/i0.wp.com\/wp.catedu.es\/ochoben\/wp-content\/uploads\/sites\/5\/2015\/01\/Canfranc.jpg?resize=300%2C199&amp;ssl=1 300w, https:\/\/i0.wp.com\/wp.catedu.es\/ochoben\/wp-content\/uploads\/sites\/5\/2015\/01\/Canfranc.jpg?w=850&amp;ssl=1 850w\" sizes=\"auto, (max-width: 437px) 100vw, 437px\" \/><\/a><\/p>\n<p>&nbsp;<\/p>\n","protected":false},"excerpt":{"rendered":"<p>Los alumnos de 2\u00ba de E.S.O, guiados por varios profesores del Departamento de Ciencias Naturales, aprovecharon la espl\u00e9ndida y soleada jornada del d\u00eda 23 de octubre para realizar una excursi\u00f3n, ya cl\u00e1sica en el IES Domingo Miral, al valle del r\u00edo Arag\u00f3n. Este curso 2014-2015, a diferencia de los anteriores, se realiz\u00f3 en oto\u00f1o y &hellip; <a href=\"https:\/\/wp.catedu.es\/ochoben\/la-naturaleza-de-la-alta-montana-pirenaica\/\" class=\"more-link\">Seguir leyendo <span class=\"screen-reader-text\">LA NATURALEZA DE LA ALTA MONTA\u00d1A PIRENAICA<\/span> <span class=\"meta-nav\">&rarr;<\/span><\/a><\/p>\n","protected":false},"author":17,"featured_media":0,"comment_status":"closed","ping_status":"closed","sticky":false,"template":"","format":"standard","meta":{"_jetpack_newsletter_access":"","_jetpack_dont_email_post_to_subs":false,"_jetpack_newsletter_tier_id":0,"_jetpack_memberships_contains_paywalled_content":false,"_jetpack_memberships_contains_paid_content":false,"footnotes":""},"categories":[6,9],"tags":[30,12,94],"class_list":["post-305","post","type-post","status-publish","format-standard","hentry","category-biodiversidad-y-entorno","category-de-expedicion","tag-30","tag-2o-eso","tag-rutas-por-la-naturaleza"],"jetpack_featured_media_url":"","jetpack_sharing_enabled":true,"jetpack_shortlink":"https:\/\/wp.me\/p5Lz4C-4V","_links":{"self":[{"href":"https:\/\/wp.catedu.es\/ochoben\/wp-json\/wp\/v2\/posts\/305","targetHints":{"allow":["GET"]}}],"collection":[{"href":"https:\/\/wp.catedu.es\/ochoben\/wp-json\/wp\/v2\/posts"}],"about":[{"href":"https:\/\/wp.catedu.es\/ochoben\/wp-json\/wp\/v2\/types\/post"}],"author":[{"embeddable":true,"href":"https:\/\/wp.catedu.es\/ochoben\/wp-json\/wp\/v2\/users\/17"}],"replies":[{"embeddable":true,"href":"https:\/\/wp.catedu.es\/ochoben\/wp-json\/wp\/v2\/comments?post=305"}],"version-history":[{"count":4,"href":"https:\/\/wp.catedu.es\/ochoben\/wp-json\/wp\/v2\/posts\/305\/revisions"}],"predecessor-version":[{"id":549,"href":"https:\/\/wp.catedu.es\/ochoben\/wp-json\/wp\/v2\/posts\/305\/revisions\/549"}],"wp:attachment":[{"href":"https:\/\/wp.catedu.es\/ochoben\/wp-json\/wp\/v2\/media?parent=305"}],"wp:term":[{"taxonomy":"category","embeddable":true,"href":"https:\/\/wp.catedu.es\/ochoben\/wp-json\/wp\/v2\/categories?post=305"},{"taxonomy":"post_tag","embeddable":true,"href":"https:\/\/wp.catedu.es\/ochoben\/wp-json\/wp\/v2\/tags?post=305"}],"curies":[{"name":"wp","href":"https:\/\/api.w.org\/{rel}","templated":true}]}}