{"id":3290,"date":"2020-02-05T11:43:08","date_gmt":"2020-02-05T10:43:08","guid":{"rendered":"http:\/\/wp.catedu.es\/ochoben\/?p=3290"},"modified":"2020-02-05T11:43:08","modified_gmt":"2020-02-05T10:43:08","slug":"concurso-cuentame-mas-sobre-la-tabla-periodica-de-la-rseq","status":"publish","type":"post","link":"https:\/\/wp.catedu.es\/ochoben\/concurso-cuentame-mas-sobre-la-tabla-periodica-de-la-rseq\/","title":{"rendered":"Concurso &#8220;Cu\u00e9ntame m\u00e1s sobre la Tabla Peri\u00f3dica&#8221; de la RSEQ"},"content":{"rendered":"<h3 class=\"post-title entry-title\"><a href=\"https:\/\/i0.wp.com\/wp.catedu.es\/ochoben\/wp-content\/uploads\/sites\/5\/2020\/02\/Concurso-Relatos-Pb-Cartel.jpg\"><img data-recalc-dims=\"1\" loading=\"lazy\" decoding=\"async\" class=\"alignnone size-medium wp-image-3292\" src=\"https:\/\/i0.wp.com\/wp.catedu.es\/ochoben\/wp-content\/uploads\/sites\/5\/2020\/02\/Concurso-Relatos-Pb-Cartel.jpg?resize=228%2C300\" alt=\"\" width=\"228\" height=\"300\" srcset=\"https:\/\/i0.wp.com\/wp.catedu.es\/ochoben\/wp-content\/uploads\/sites\/5\/2020\/02\/Concurso-Relatos-Pb-Cartel.jpg?resize=228%2C300&amp;ssl=1 228w, https:\/\/i0.wp.com\/wp.catedu.es\/ochoben\/wp-content\/uploads\/sites\/5\/2020\/02\/Concurso-Relatos-Pb-Cartel.jpg?w=371&amp;ssl=1 371w\" sizes=\"auto, (max-width: 228px) 100vw, 228px\" \/><\/a>&#8220;Cu\u00e9ntame m\u00e1s sobre la Tabla peri\u00f3dica&#8221;<\/h3>\n<p style=\"text-align: left\">Este curso hemos lanzado al alumnado del IES Domingo Miral a participar en el concurso nacional de relatos cortos &#8220;Cu\u00e9ntame m\u00e1s sobre la Tabla Peri\u00f3dica&#8221; propuesto por la Real Sociedad Espa\u00f1ola de Qu\u00edmica.<\/p>\n<p>A trav\u00e9s de este enlace (blog del departamento de F\u00edsica y Qu\u00edmica) se puede acceder a los relatos seleccionados, as\u00ed como al resto de la informaci\u00f3n sobre el concurso.<\/p>\n<p><a href=\"http:\/\/depfqdomingomiral.blogspot.com\/2020\/01\/concurso-cuentame-mas-sobre-la-tabla.html\">http:\/\/depfqdomingomiral.blogspot.com\/2020\/01\/concurso-cuentame-mas-sobre-la-tabla.html<\/a><\/p>\n","protected":false},"excerpt":{"rendered":"<p>&#8220;Cu\u00e9ntame m\u00e1s sobre la Tabla peri\u00f3dica&#8221; Este curso hemos lanzado al alumnado del IES Domingo Miral a participar en el concurso nacional de relatos cortos &#8220;Cu\u00e9ntame m\u00e1s sobre la Tabla Peri\u00f3dica&#8221; propuesto por la Real Sociedad Espa\u00f1ola de Qu\u00edmica. A trav\u00e9s de este enlace (blog del departamento de F\u00edsica y Qu\u00edmica) se puede acceder a &hellip; <a href=\"https:\/\/wp.catedu.es\/ochoben\/concurso-cuentame-mas-sobre-la-tabla-periodica-de-la-rseq\/\" class=\"more-link\">Seguir leyendo <span class=\"screen-reader-text\">Concurso &#8220;Cu\u00e9ntame m\u00e1s sobre la Tabla Peri\u00f3dica&#8221; de la RSEQ<\/span> <span class=\"meta-nav\">&rarr;<\/span><\/a><\/p>\n","protected":false},"author":291,"featured_media":0,"comment_status":"closed","ping_status":"closed","sticky":false,"template":"","format":"standard","meta":{"_jetpack_newsletter_access":"","_jetpack_dont_email_post_to_subs":false,"_jetpack_newsletter_tier_id":0,"_jetpack_memberships_contains_paywalled_content":false,"_jetpack_memberships_contains_paid_content":false,"footnotes":""},"categories":[20],"tags":[62],"class_list":["post-3290","post","type-post","status-publish","format-standard","hentry","category-concursos","tag-concurso"],"jetpack_featured_media_url":"","jetpack_sharing_enabled":true,"jetpack_shortlink":"https:\/\/wp.me\/p5Lz4C-R4","_links":{"self":[{"href":"https:\/\/wp.catedu.es\/ochoben\/wp-json\/wp\/v2\/posts\/3290","targetHints":{"allow":["GET"]}}],"collection":[{"href":"https:\/\/wp.catedu.es\/ochoben\/wp-json\/wp\/v2\/posts"}],"about":[{"href":"https:\/\/wp.catedu.es\/ochoben\/wp-json\/wp\/v2\/types\/post"}],"author":[{"embeddable":true,"href":"https:\/\/wp.catedu.es\/ochoben\/wp-json\/wp\/v2\/users\/291"}],"replies":[{"embeddable":true,"href":"https:\/\/wp.catedu.es\/ochoben\/wp-json\/wp\/v2\/comments?post=3290"}],"version-history":[{"count":2,"href":"https:\/\/wp.catedu.es\/ochoben\/wp-json\/wp\/v2\/posts\/3290\/revisions"}],"predecessor-version":[{"id":3293,"href":"https:\/\/wp.catedu.es\/ochoben\/wp-json\/wp\/v2\/posts\/3290\/revisions\/3293"}],"wp:attachment":[{"href":"https:\/\/wp.catedu.es\/ochoben\/wp-json\/wp\/v2\/media?parent=3290"}],"wp:term":[{"taxonomy":"category","embeddable":true,"href":"https:\/\/wp.catedu.es\/ochoben\/wp-json\/wp\/v2\/categories?post=3290"},{"taxonomy":"post_tag","embeddable":true,"href":"https:\/\/wp.catedu.es\/ochoben\/wp-json\/wp\/v2\/tags?post=3290"}],"curies":[{"name":"wp","href":"https:\/\/api.w.org\/{rel}","templated":true}]}}