{"id":3399,"date":"2020-11-07T13:21:02","date_gmt":"2020-11-07T12:21:02","guid":{"rendered":"http:\/\/wp.catedu.es\/ochoben\/?p=3399"},"modified":"2020-11-07T15:00:14","modified_gmt":"2020-11-07T14:00:14","slug":"palabras-de-despedida-para-otal","status":"publish","type":"post","link":"https:\/\/wp.catedu.es\/ochoben\/palabras-de-despedida-para-otal\/","title":{"rendered":"Palabras de despedida para Otal, nuestro querido &#8220;Happy&#8221;"},"content":{"rendered":"<p><img data-recalc-dims=\"1\" loading=\"lazy\" decoding=\"async\" class=\"aligncenter size-full wp-image-3486\" src=\"https:\/\/i0.wp.com\/wp.catedu.es\/ochoben\/wp-content\/uploads\/sites\/5\/2020\/11\/OrdenPublicacion.png?resize=474%2C309\" alt=\"\" width=\"474\" height=\"309\" srcset=\"https:\/\/i0.wp.com\/wp.catedu.es\/ochoben\/wp-content\/uploads\/sites\/5\/2020\/11\/OrdenPublicacion.png?w=634&amp;ssl=1 634w, https:\/\/i0.wp.com\/wp.catedu.es\/ochoben\/wp-content\/uploads\/sites\/5\/2020\/11\/OrdenPublicacion.png?resize=300%2C195&amp;ssl=1 300w\" sizes=\"auto, (max-width: 474px) 100vw, 474px\" \/><\/p>\n<p><strong>Rub\u00e9n Cig\u00fcela \u00cd\u00f1igo<\/strong><\/p>\n<p style=\"text-align: justify\"><span style=\"font-weight: 400\">Es natural sentir un hondo pesar por la p\u00e9rdida de alguien tan querido, tan estimado, tan positivo y amigable, tan inquieto, tan activo&#8230; El hecho de que nos haya dejado en un momento dulce de su vida hace que la situaci\u00f3n sea m\u00e1s tr\u00e1gica, si cabe.<\/span><\/p>\n<p style=\"text-align: justify\"><span style=\"font-weight: 400\">Pero son precisamente ese cari\u00f1o, estima, actitud positiva y cercana, inquietud, los que nos deben guiar, a cada persona de una forma distinta, como modelo de lo que es vivir la vida plenamente.<\/span><\/p>\n<p style=\"text-align: justify\"><span style=\"font-weight: 400\">Mostrar una forma plena de vivir la vida es un gran legado, y creo que seguir este legado ser\u00e1 tambi\u00e9n una buena manera de perpetuar su memoria. La tristeza nos inunda, pero no debemos olvidar que habr\u00e1 que dar paso a disfrutar de los momentos, a ser positivos. Como \u00e9l siempre ha sido.<\/span><\/p>\n<p style=\"text-align: justify\"><span style=\"font-weight: 400\">Adi\u00f3s, Compa\u00f1ero.<\/span><\/p>\n<p>&nbsp;<\/p>\n<p><strong>Francisco Godina<\/strong><\/p>\n<p style=\"text-align: justify\"><span style=\"font-weight: 400\">Las l\u00e1grimas son m\u00e1s r\u00e1pidas que las palabras y afloran con rapidez cuando pienso en que ya no vamos a poder darnos un fuerte abrazo, que ya no vamos a poder tener esas largas conversaciones \u00absobre lo divino y lo humano\u00bb, que ya no podremos hacer ese viaje a Lisboa&#8230;<\/span><\/p>\n<p style=\"text-align: justify\"><span style=\"font-weight: 400\">\u00bfQu\u00e9 decir en estos momentos?&#8230; Simplemente gracias. Gracias por haber tenido siempre una sonrisa en la cara, por tus contagiosas carcajadas, por tu energ\u00eda, por tu ilusionante vitalidad&#8230;<\/span><\/p>\n<p style=\"text-align: justify\"><span style=\"font-weight: 400\">Hemos compartido muchos momentos desde que nos conocimos en la Facultad&#8230; incluso una \u00abbreve mili\u00bb&#8230; Recuerdos a los que poder volver&#8230;<\/span><\/p>\n<p style=\"text-align: justify\"><span style=\"font-weight: 400\">Hasta siempre querido amigo.<\/span><\/p>\n<p style=\"text-align: justify\"><span style=\"font-weight: 400\">Paco<\/span><\/p>\n<p>&nbsp;<\/p>\n<figure id=\"attachment_3423\" aria-describedby=\"caption-attachment-3423\" style=\"width: 604px\" class=\"wp-caption aligncenter\"><img data-recalc-dims=\"1\" loading=\"lazy\" decoding=\"async\" class=\"wp-image-3423 size-full\" src=\"https:\/\/i0.wp.com\/wp.catedu.es\/ochoben\/wp-content\/uploads\/sites\/5\/2020\/11\/ALPESSUIZOS.jpg?resize=474%2C356\" alt=\"\" width=\"474\" height=\"356\" srcset=\"https:\/\/i0.wp.com\/wp.catedu.es\/ochoben\/wp-content\/uploads\/sites\/5\/2020\/11\/ALPESSUIZOS.jpg?w=604&amp;ssl=1 604w, https:\/\/i0.wp.com\/wp.catedu.es\/ochoben\/wp-content\/uploads\/sites\/5\/2020\/11\/ALPESSUIZOS.jpg?resize=300%2C225&amp;ssl=1 300w\" sizes=\"auto, (max-width: 474px) 100vw, 474px\" \/><figcaption id=\"caption-attachment-3423\" class=\"wp-caption-text\">Alpes suizos. Agosto 2009<\/figcaption><\/figure>\n<p>&nbsp;<\/p>\n<p><strong>Javier Aguirre<\/strong><\/p>\n<p style=\"text-align: justify\">Desde Rolde de Estudios Aragoneses\u00a0 y ROLDE. Revista de Cultura Aragonesa queremos mostrar toda nuestra consternaci\u00f3n\u00a0 por el fallecimiento de nuestro querido socio y amigo Jos\u00e9 Antonio. Nos deja un gran investigador, un gran profesor y, sobre todo, un gran amigo.<\/p>\n<div dir=\"auto\" style=\"text-align: justify\">Que la tierra le sea leve.<\/div>\n<p>&nbsp;<\/p>\n<p style=\"text-align: justify\"><strong>Ismael Calvo Rodr\u00edguez<\/strong><\/p>\n<p style=\"text-align: justify\">Por ti, para ti. Amigo Otal.<br \/>\nPresencia en la ausencia&#8230;. porque como acabo de leer hay personas que se marchan pero nunca nos dejan.<\/p>\n<p style=\"text-align: justify\">&#8220;Hasta el siguiente viaje&#8221;, tantos planes y viajes, tant\u00edsimas inquietudes, ese esp\u00edritu \u00e1vido por conocer. &#8220;Necesitas siete vidas para cumplir todos tus sue\u00f1os&#8221; te repet\u00eda una y otra vez&#8230;y t\u00fa asent\u00edas regal\u00e1ndome una sonrisa.<\/p>\n<p style=\"text-align: justify\">Todo lo viviste de forma apasionada, como si conocieras tu destino, la Historia, la Pol\u00edtica.los libros, la monta\u00f1a. Tambi\u00e9n el apellido Otal- que cambiaste de orden- con nombre de pueblo y cima, con olor a tierra mojada y sabor a nieve. &#8221; Soy Otal&#8221;. S\u00ed, eres Otal, todo un personaje y una persona..<\/p>\n<p style=\"text-align: justify\">De tu legado-aunque han destacado muchas cosas como la sonrisa, los m\u00e1s de cinco mil libros, la amabilidad, simpat\u00eda, amor por la monta\u00f1a y la historia&#8230;.yo me quedo con tu GENEROSIDAD. Una lecci\u00f3n de vida.<\/p>\n<p style=\"text-align: justify\">Por ti Otal de tu amigo Ismael.<\/p>\n<p style=\"text-align: justify\">(Seguiremos buscando casa). Presencia en la ausencia.<\/p>\n<dl>\n<dt>\n<p><figure style=\"width: 1224px\" class=\"wp-caption alignnone\"><img loading=\"lazy\" decoding=\"async\" src=\"https:\/\/scontent-mad1-1.xx.fbcdn.net\/v\/t31.0-8\/16178738_1327176453971741_7919921017427573271_o.jpg?_nc_cat=106&amp;ccb=2&amp;_nc_sid=cdbe9c&amp;_nc_ohc=sUcHozyRUrgAX9NMkMf&amp;_nc_ht=scontent-mad1-1.xx&amp;oh=c93f747afe2528932fd516aaf46d0071&amp;oe=5FC908B3\" alt=\"\" width=\"1224\" height=\"918\" \/><figcaption class=\"wp-caption-text\">2017, en el dolmen de Letranz<\/figcaption><\/figure><\/dt>\n<dd><\/dd>\n<\/dl>\n<div dir=\"auto\"><\/div>\n<div dir=\"auto\" style=\"text-align: justify\"><strong>Pedro Vizca\u00edno Labanda<\/strong><\/div>\n<div dir=\"auto\" style=\"text-align: justify\"><\/div>\n<div style=\"text-align: justify\">\n<p>Imposible resumir en tan pocas l\u00edneas una amistad tan grande.<\/p>\n<p>Te fuiste\u00a0de repente, sin avisar; no parece verdad.<\/p>\n<div>Una broma del destino de mal gusto.<\/div>\n<div>Sentir que en cualquier momento va a aparecer un mensaje enviando noticias necesarias, lecturas interesantes, proponiendo exposiciones que visitar,\u00a0 largometrajes en los que zambullirse, cuadros que evocar, canciones que recordar, viajes que relatar&#8230; Conversaciones inagotables sobre lo importante y\u00a0lo\u00a0apasionante.<\/div>\n<div>D\u00eda a d\u00eda, la Jacetania, Arag\u00f3n o el Mundo entero, se van a quedar algo mas hu\u00e9rfanos sin tu presencia, sin tus paseos, sin tu eterna sonrisa.<\/div>\n<div>Maldita parca que trunc\u00f3 ese entusiasmo ilusionado e ilusionante.<\/div>\n<div>Maldito fino\u00a0hilo de la vida cortado por la muerte.<\/div>\n<div>Tu rostro sonriente nos rodea flotando y\u00a0all\u00ed seguir\u00e1 siempre&#8230;<\/div>\n<div>Y hasta siempre Jos\u00e9 Antonio.<\/div>\n<div>Tu amigo<\/div>\n<p>&nbsp;<\/p>\n<p><strong>Carmen Lobera<\/strong><\/p>\n<div>Qu\u00e9 valiente! Te enfrentaste en soledad a esta cruel enfermedad y te venci\u00f3<\/div>\n<div>En mi memoria pervivir\u00e1s como un gran profesional y excelente compa\u00f1ero<\/div>\n<div>Hasta siempre, Jos\u00e9 Antonio<\/div>\n<div><\/div>\n<p>&nbsp;<\/p>\n<p><strong>Daniel Gonz\u00e1lez Colinas<\/strong><\/p>\n<p>Al enterarme de esta triste noticia, y tras intentar asimilarla, me vino inmediatamente a la memoria que fuiste uno de los primeros compa\u00f1eros que, al llegar nuevo al instituto el curso pasado, se acerc\u00f3 a hablar conmigo, haciendo m\u00e1s gratos y c\u00f3modos esos primeros momentos en que uno se siente un poco extra\u00f1o. Recuerdo que, al decirte que llegaba de tierras leonesas y del mundo rural, iniciamos una grata conversaci\u00f3n sobre la trashumancia. Incluso me diste tu n\u00famero de tel\u00e9fono y me pasaste noticias curiosas. Todo ello me hizo percibir desde el comienzo tu humanidad y generosidad. Son recuerdos que no se olvidan&#8230;<\/p>\n<div>Un abrazo all\u00e1 donde est\u00e9s.<\/div>\n<p>&nbsp;<\/p>\n<p><strong>Eduardo Otero L\u00e1zaro<\/strong><\/p>\n<p>Estimado Otal:<br \/>\nSiempre te recordar\u00e9 por tus profundos conocimientos de Historia y por nuestras entretenidas &#8220;reuniones de Departamento&#8221;. Pero especialmente por tu hospitalidad y amabilidad con los reci\u00e9n llegados y por tu predisposici\u00f3n a ayudar a quien te lo ped\u00eda.<br \/>\nCada vez que recorra los valles de nuestros amados Pirineos, una parte de ti siempre vendr\u00e1 conmigo.<\/p>\n<p>&nbsp;<\/p>\n<p><strong>Jos\u00e9 Ignacio Bilbao &#8211; Director Escuelas P\u00edas<\/strong><\/p>\n<p>Querido Pepe y queridos compa\u00f1eros del Domingo Miral:<\/p>\n<p>Anoche nos lleg\u00f3 la triste noticia del fallecimiento de vuestro amigo y compa\u00f1ero Jos\u00e9 Antonio.<br \/>\nSabemos que la despedida es algo inevitable, pero no por eso deja de ser doloroso.<br \/>\nJos\u00e9 Antonio nos ha dejado y vive ya la Pascua definitiva.<br \/>\nSabemos que era una persona muy querida en Jaca y en el instituto. Por eso, todav\u00eda es m\u00e1s dif\u00edcil de aceptar.<\/p>\n<\/div>\n<p style=\"text-align: justify\">Es muy dif\u00edcil estar cerca en estos momento en los que \u201cno se puede hacer nada\u201d; s\u00f3lo estar a vuestro lado, acompa\u00f1ando vuestro sufrimiento.<\/p>\n<p style=\"text-align: justify\">Contad con nuestra oraci\u00f3n y cari\u00f1o. Pedimos por vosotros, por Jos\u00e9 Antonio y por su familia.<\/p>\n<p style=\"text-align: justify\">\u00a1Que nuestro Dios d\u00e9 fuerza a Jos\u00e9 Antonio y a la familia para vivir en unidad y en paz estos momentos! \u00a1Que, enraizados en la fe, puedan vivir la despedida del hermano con serenidad y esperanza! \u00a1Y que disfrute ya de la felicidad de estar en la Casa del Padre!<\/p>\n<p style=\"text-align: justify\">Recibid todo nuestro cari\u00f1o y sentimiento.<\/p>\n<p style=\"text-align: justify\">Un fuerte abrazo<\/p>\n<p style=\"text-align: justify\">Vuestros compa\u00f1eros del Colegio Escuelas P\u00edas.<\/p>\n<p style=\"text-align: justify\"><strong>Pilar Amparo Ortega G\u00f3mez<\/strong><\/p>\n<p style=\"text-align: justify\">Siempre en tu bici, siempre con tu amor a esta tierra, a los animales, a las causas &#8220;p\u00e9rdidas&#8221;&#8230; No teniendo miedo de decir lo que pensabas, aunque fueras el \u00fanico&#8230;<br \/>\nTu recuerdo seguir\u00e1 vivo.<\/p>\n<p style=\"text-align: justify\"><strong>Gemma Medina<\/strong><\/p>\n<p style=\"text-align: justify\">\u00bfY d\u00f3nde fue tu alma?<\/p>\n<div style=\"text-align: justify\">Un pedazo<\/div>\n<div style=\"text-align: justify\">se qued\u00f3 conmigo<\/div>\n<div style=\"text-align: justify\">es parte de mi.<\/div>\n<div style=\"text-align: justify\">El recuerdo<\/div>\n<div style=\"text-align: justify\">perdura<\/div>\n<div style=\"text-align: justify\">y tu esencia me llena<\/div>\n<div style=\"text-align: justify\">(perviviras en nuestra memoria)<\/div>\n<div style=\"text-align: justify\"><\/div>\n<p style=\"text-align: justify\"><strong>Presidencia del IAA<\/strong><\/p>\n<p style=\"text-align: justify\">Jos\u00e9 Antonio Fern\u00e1ndez Otal y el Instituto Aragon\u00e9s de Antropolog\u00eda<\/p>\n<p style=\"text-align: justify\">El Instituto Aragon\u00e9s de Antropolog\u00eda se ha honrado en tener como<br \/>\nsocio a Jos\u00e9 Antonio Fern\u00e1ndez Otal tanto como persona como por sus investigaciones que lo\u00a0 constituyen en una referencia obligada<br \/>\npara la historia medieval en Arag\u00f3n.<br \/>\nEn la revista Temas de Antropolog\u00eda de este Instituto, en el no 11,\u00a0 Jos\u00e9 Antonio aport\u00f3 un interesante art\u00edculo sobre:\u201d Las marcas y se\u00f1ales de propiedad del ganado en\u00a0 Arag\u00f3n\u201d pp. 173-254, accesible en internet.<br \/>\nDesde este Instituto queremos unirnos a los sentimientos de dolor de\u00a0 su familia, de los compa\u00f1eros y alumnos del Instituto de Ense\u00f1anza Media Domingo Miral de Jaca y de\u00a0 sus amigos por el fallecimiento de Jos\u00e9 Antonio.<\/p>\n<p style=\"text-align: justify\"><strong>Pablo Vicente Clager<\/strong><\/p>\n<p style=\"text-align: justify\">Coincid\u00ed con Jos\u00e9 Antonio Fern\u00e1ndez Otal durante mis dos a\u00f1os de bachillerato en el I.E.S Baltasar Graci\u00e1n de\u00a0Graus. Por desgracia, una vez finalizada esta etapa, apenas pude mantener el contacto con \u00e9l. Sin embargo, durante ese periodo, siempre demostr\u00f3 ser un profesor apasionado por la materia que impart\u00eda, muy implicado y haciendo gala de un particular sentido del humor con el que siempre varios compa\u00f1eros y yo nos sentimos muy en sinton\u00eda.<\/p>\n<div style=\"text-align: justify\"><\/div>\n<div style=\"text-align: justify\">Otal era un gran cin\u00e9filo, \u00e9l me permiti\u00f3 descubrir magn\u00edficas pel\u00edculas (a las que siempre se refer\u00eda como\u00a0films,\u00a0a la usanza de los especialistas y cr\u00edtica)\u00a0de cine hist\u00f3rico como\u00a0Barry Lyndon,\u00a0Germinal,\u00a0Los duelistas\u00a0o\u00a0La Noche de Varennes, entre otras. Para un aficionado a la historia y al cine como lo soy yo, encontrarme en mi camino con alguien como Otal fue un verdadero placer y una grata experiencia.<\/div>\n<div style=\"text-align: justify\"><\/div>\n<div style=\"text-align: justify\">\n<p>Para el recuerdo quedan nuestras conversaciones en los pasillos del instituto o en la biblioteca municipal, y las risas que en ellas nos peg\u00e1bamos. Est\u00e9s donde est\u00e9s, una parte de ti se queda con aquellas personas que tuvieron la gran suerte de conocerte. Un abrazo muy fuerte compa\u00f1ero, estoy seguro que ahora podr\u00e1s ver todas las pel\u00edculas que se te quedaron en el tintero.<\/p>\n<div>Tu alumno y amigo<\/div>\n<p>&nbsp;<\/p>\n<p><strong>Magdalena Pulido Choza<\/strong><\/p>\n<p>Os est\u00e1is jugando la salud todos los d\u00edas. Yo por un c\u00e1ncer (estoy de baja). Muchos dicen que como otros trabajos y no es as\u00ed. Recibimos a muchos ni\u00f1os a la vez, sin l\u00e1mparas, sin filtros&#8230; Lo siento de coraz\u00f3n.<\/p>\n<p>&nbsp;<\/p>\n<p><strong>Juan Esteban Rus Amores<\/strong><\/p>\n<p>Desde el I.E.S. Dr. Francisco Marin de Siles en Ja\u00e9n os enviamos un mensaje de \u00e1nimo y un fuerte abrazo a toda la comunidad educativa y para la familia de Otal.<\/p>\n<p>&nbsp;<\/p>\n<p><strong>Nieves Laborda<\/strong><\/p>\n<p>Hola: Soy Nieves Laborda y trabaj\u00e9 en los veranos 2009 y 2016 en la Comarca de la Jacetania como Trabajadora Social y conoc\u00ed a Jos\u00e9 Antonio y paseamos juntos.<\/p>\n<div>En el primer confinamiento de este a\u00f1o retomamos conversar por WhatsApp, aunque en estos \u00faltimos d\u00edas lo hab\u00edamos dejado. Siento mucho su fallecimiento y recuerdo con cari\u00f1o su energ\u00eda y cercan\u00eda a pesar de la distancia. Descanse en paz y cari\u00f1osos abrazos\u00a0para su familia y la comunidad educativa.<\/div>\n<div>\n<p>\u00c1ngel Sesma Mu\u00f1oz, catedr\u00e1tico em\u00e9rito de la universidad de Zaragoza (a trav\u00e9s de Mari Luz esteban)<\/p>\n<p>Gracias, Mari Luz, aunque la noticia sea triste. Jos\u00e9 Antonio fue alumno, bueno y muy perseverante. Su devoci\u00f3n por las ovejas, sobre todo medievales, nos acerc\u00f3 y hablamos mucho de su trashumancia y sus excursiones por extra\u00f1as geograf\u00edas. Luego lo perd\u00ed de vista, aunque de vez en cuando le\u00eda algo suyo. Estoy seguro que fue un buen docente y en el instituto de Jaca habr\u00e1 dejado muchos amigos y recuerdos. He intentado entrar en ese enlace que se\u00f1alas para dejar estos mismos sentimientos, pero no he podido. No importa, porque est\u00e1 escrito y pronunciado en voz alta.<br \/>\nUn abrazo, y como tu dices \u00a1salud!<\/p>\n<p>&nbsp;<\/p>\n<p><strong>Suni Blasco<\/strong><\/p>\n<p>Me cost\u00f3 aceptar la noticia que me transmiti\u00f3 un colega el pasado viernes.<\/p>\n<p>Jos\u00e9 Antonio era una persona especial, desde que ingres\u00f3 en el<br \/>\nDepartamento de Historia Medieval y se puso a hacer la tesis sobre la ganader\u00eda de Arag\u00f3n bajo el magisterio de nuestra querida compa\u00f1era Isabel Falc\u00f3n, que tambi\u00e9n nos dej\u00f3 hace tres a\u00f1os. Especial, alegre,divertido, generoso, familiar y amante de la historia y buen compa\u00f1ero y amigo. Recuerdo la lectura de su tesis, con su camisa de flores, y sus intervenciones en tantos congresos&#8230; y su concurrido cuarenta cumplea\u00f1os y tantos momentos felices.<\/p>\n<p>\u00daltimamente nos vimos en Jaca, y por Ibort, donde vive mi hija peque\u00f1a, Sara, que al conocer la noticia est\u00e1 consternada.<\/p>\n<p>Deja un gran vac\u00edo. Por suerte nos quedan sus libros y art\u00edculos, tan<br \/>\nimportantes para la historia rural de la comunidad aragonesa.<br \/>\nMe quedo con su sonrisa, su mirada profunda y sus comentarios sagaces.<br \/>\nSeguir\u00e1 con nosotros, all\u00ed donde est\u00e9.<\/p>\n<p>Como dicen algunos documentos medievales, &#8220;Buen poso haya&#8221;.<\/p>\n<p>Para su madre y su hermana, mucho \u00e1nimo.<\/p>\n<div>\n<dl id=\"\">\n<dt>\n<p><figure style=\"width: 960px\" class=\"wp-caption alignnone\"><img loading=\"lazy\" decoding=\"async\" src=\"https:\/\/scontent-mad1-1.xx.fbcdn.net\/v\/t1.0-9\/12715404_951331758290075_1890329197966258338_n.jpg?_nc_cat=104&amp;ccb=2&amp;_nc_sid=e3f864&amp;_nc_ohc=ET7W1yRtcVkAX96XiAH&amp;_nc_ht=scontent-mad1-1.xx&amp;oh=003c908902bf885caf802cc0e45ad65d&amp;oe=5FC9CAE0\" alt=\"\" width=\"960\" height=\"540\" \/><figcaption class=\"wp-caption-text\">Otal con su madre. Portada de una de sus cuentas de faceebook.<\/figcaption><\/figure><\/dt>\n<dd><\/dd>\n<\/dl>\n<\/div>\n<p><strong>Mar\u00eda Luz Rodrigo-Estevan<\/strong><\/p>\n<p>Universidad, tesis, archivos, becarios precarios, seminarios, excursiones, excavaciones, congresos, concursos, oposiciones, m\u00e1s oposiciones, conversaciones, pasi\u00f3n por la investigaci\u00f3n y la ense\u00f1anza, risas, fiestas de cumplea\u00f1os para cerrar el a\u00f1o. Todo pasa y todo queda.<\/p>\n<p>Jos\u00e9 Antonio Fern\u00e1ndez Otal. Vocacional medievalista, apasionado comunicador, impenitente so\u00f1ador.\u00a0Mi adi\u00f3s con estas coplas \u2014medievales, por supuesto\u2014, tantas veces le\u00eddas, tantas veces analizadas, tantas veces interiorizadas.\u00a0Sit tibi terra levis.<\/p>\n<pre>[I] Recuerde el alma dormida,\r\navive el seso y despierte\r\ncontemplando\r\nc\u00f3mo se pasa la vida,\r\nc\u00f3mo se viene la muerte\r\ntan callando,\r\n(...)\r\nJorge Manrique,\u00a0<a href=\"http:\/\/www.cervantesvirtual.com\/obra-visor\/obra-completa--0\/html\/ff6c9480-82b1-11df-acc7-002185ce6064_5.html\" target=\"_blank\" rel=\"noopener noreferrer\">Coplas por la muerte de su padre<\/a>(c. 1477)<\/pre>\n<p>&nbsp;<\/p>\n<p><strong>Enrique Satu\u00e9 Oliv\u00e1n<\/strong><\/p>\n<p>Mi m\u00e1s profundo p\u00e9same a toda la comunidad educativa del IES Domingo Miral porque de sobras s\u00e9 lo que esta ha perdido con la marcha de Jos\u00e9 Antonio.<\/p>\n<div>Por mi parte, gracias por tu humanidad, inter\u00e9s por el saber y por comunicarlo. Hay personas que se van pero dejan su huella en todos los paisajes, f\u00edsicos y humanos. Muchas gracias, Jos\u00e9 Antonio, por\u00a0todo. Cuando recorra las caba\u00f1eras te tendr\u00e9 a mi lado.<\/div>\n<div>Enrique Satu\u00e9 Oliv\u00e1n (profesor de Geograf\u00eda e Historia jubilado)<\/div>\n<\/div>\n<div><\/div>\n<div><\/div>\n<div><strong>Guillermo Cabello Rubio<\/strong><\/div>\n<div><\/div>\n<div>\n<div dir=\"ltr\">Recibe mi m\u00e1s sincero p\u00e9same. Soy un colega, profesor de Historia reci\u00e9n jubilado de Teruel; me ha llamado la atenci\u00f3n que se vaya un colega tan joven y que se llame Otal, como dos profesores franceses de origen oscense de Montpellier, uno de los cuales &#8211; de matem\u00e1ticas- era colega y amigo. Compa\u00f1eros, alumnos, personal y familiares estar\u00e9is todos consternados. Mi apoyo para seguir adelante en las circunstancias adversas de la vida.<\/div>\n<div dir=\"ltr\">Un abrazo a todos.<\/div>\n<p>Paco Torralba<\/p>\n<p>\u00a1Qu\u00e9 triste noticia! Queda en mi recuerdo tu simpat\u00eda y los buenos momentos pasados en clase de franc\u00e9s de la Escuela Oficial de Idiomas de Sabi\u00f1\u00e1nigo. Disfrute compartiendo contigo el aprendizaje de la lengua francesa. \u00a1Qu\u00e9 f\u00e1cil es ense\u00f1ar con alumnos como t\u00fa!<\/p>\n<\/div>\n<p>HASTA SIEMPRE ANTONIO<\/p>\n<p>&nbsp;<\/p>\n<p><strong>Jone Abando<\/strong><\/p>\n<p>Soy de Donostia, Gipuzkoa y conocimos a Jose Antonio en un viaje al Tirol y seguimos en contacto porque tenemos casa en Jaca. Una persona excepcional. Una gran p\u00e9rdida.<\/p>\n<div dir=\"auto\">Gracias por haberme dado la oportunidad de despedirme de \u00e9l.<\/div>\n<div dir=\"auto\">Cuando pateemos los montes del Pirineo le tendremos in mente.<\/div>\n<div dir=\"auto\">Jos\u00e9 Antonio, descansa en paz, amigo.<\/div>\n<p>Elisa Seral<\/p>\n<p>Se necesitan en este mundo, m\u00e1s personas como t\u00fa.<\/p>\n<\/div>\n<p style=\"text-align: justify\">Todav\u00eda no puedo creer que ya te hayas marchado. La primera vez que habl\u00e9 contigo, hablamos de la caba\u00f1era que pasaba por mi pueblo. Poco a poco a poco fuimos hablando de m\u00e1s cosas, del esfuerzo y del tiempo que dedicabas a tu investigaci\u00f3n, de tus padres, de los huertos, de tu gato&#8230;y hasta de lo dif\u00edcil que es montar muebles de Ikea. \u00a1Contigo siempre hab\u00eda conversaci\u00f3n! \u00a1Y siempre era una conversaci\u00f3n con una sonrisa!No me olvidar\u00e9 de verte corriendo por los pasillos, de un aula a la otra, con el malet\u00edn y la sonrisa, feliz. No han pasado muchos a\u00f1os de eso (aunque ahora parece una eternidad).Mantuvimos el contacto por Whatsapp, \u00a1Me ten\u00edas al corriente de las nevadas en Jaca! Y s\u00e9 que terminaste tu trabajo, que diste conferencias, que no parabas&#8230; Aunque sin duda, lo mejor, era ese don tuyo para irradiar felicidad y optimismo. Se necesitan en este mundo, muchas m\u00e1s personas como t\u00fa.<\/p>\n<p style=\"text-align: justify\"><strong>Oscar Moix Moncl\u00fas<\/strong><\/p>\n<p style=\"text-align: justify\">No me he podido creer la noticia.<br \/>\nNo quiero creerla.<br \/>\nJose Antonio Otal??<br \/>\nEn estos momentos en los que las malas noticias abundan, otra m\u00e1s.<br \/>\nJose Antonio, me dio la bienvenida cuando estuve trabajando en el Domingo Miral. Le gustaba el deporte y se acercaba a m\u00ed para hablar de temas de monta\u00f1a, ya que yo era profe de educaci\u00f3n f\u00edsica.<\/p>\n<p style=\"text-align: justify\">Descanse en paz.<\/p>\n<dl id=\"\">\n<dt>\n<p><figure style=\"width: 604px\" class=\"wp-caption alignnone\"><img loading=\"lazy\" decoding=\"async\" src=\"https:\/\/scontent-mad1-1.xx.fbcdn.net\/v\/t1.0-9\/1915099_109757599259_6950567_n.jpg?_nc_cat=104&amp;ccb=2&amp;_nc_sid=cdbe9c&amp;_nc_ohc=NMFJj3yFB0oAX8p9lHO&amp;_nc_ht=scontent-mad1-1.xx&amp;oh=a8793b15db27f588d694403cd2dd6dbc&amp;oe=5FC874F8\" alt=\"\" width=\"604\" height=\"453\" \/><figcaption class=\"wp-caption-text\">La Couronne Imperial, near Cabanne Grand Mountets. Vallis, Switzerland Alps. July 2009<\/figcaption><\/figure><\/dt>\n<dd><\/dd>\n<\/dl>\n<div dir=\"auto\" style=\"text-align: justify\">\n<div dir=\"auto\">\n<div>\n<div dir=\"auto\">\n<div dir=\"auto\">\n<div>\n<div>\n<p>&nbsp;<\/p>\n<p><strong>Laura Cadenas Merino<\/strong><\/p>\n<\/div>\n<div>No me salen las palabras correctas ni adecuadas, porque no las hay&#8230; s\u00f3lo puedo expresar rabia y tristeza ante esta situaci\u00f3n que nos acompa\u00f1a d\u00eda y noche. No te conoc\u00ed, pero en la distancia y como docente me siento identificada contigo.<\/div>\n<\/div>\n<div>\n<div dir=\"auto\">Siento que somos un colectivo del que nadie del hemiciclo se ha preocupado y estamos ah\u00ed a pie del ca\u00f1\u00f3n cada d\u00eda&#8230; vuela alto compa\u00f1ero, tu legado siempre estar\u00e1 presente. Ojal\u00e1 esta noticia no hubiera salido nunca, ojal\u00e1 estuvieras a\u00fan aqu\u00ed, ojal\u00e1 este virus no hubiera existido nunca&#8230; ojal\u00e1&#8230;todo volviera a ser como antes. Un abrazo desde Madrid.<\/div>\n<div dir=\"auto\"><\/div>\n<p>&nbsp;<\/p>\n<p><strong>Montse, Lizara, Leire, la familia de tu buen amigo Pedro.<\/strong><\/p>\n<\/div>\n<div>Tus amigas de Torrero nos quedamos muy tristes con tu partida tan repentina. Dejas huella en esta peque\u00f1a familia que te aprecia de verdad, que se queda un poco hu\u00e9rfana pero te llevar\u00e1 en el coraz\u00f3n contu sonrisa y tus luminosos ojos plasmados en \u00e9l. Gente buena, sincera, alegre como t\u00fa es lo que hace falta en este mundo para ser mucho mejor.<br \/>\nHas disfrutado de la naturaleza, de la amistad, de la familia. Vuela alto para que te veamos cada vez que miramos hacia arriba. Gracias por haberte conocido. Un abrazo inmenso.<\/div>\n<\/div>\n<\/div>\n<div><\/div>\n<div dir=\"auto\">\n<div dir=\"auto\">\n<div><\/div>\n<div><\/div>\n<div><strong>Beatriz Garc\u00eda L\u00f3pez &#8211; Directora Ceip Monte Oroel<\/strong><\/div>\n<div><\/div>\n<p>Desde el Ceip Monte Oroel, el Equipo Docente y toda la Comunidad Educativa queremos transmitir nuestro m\u00e1s sentido p\u00e9same en estos momento tan duros y dif\u00edciles.<\/p>\n<p>&nbsp;<\/p>\n<p><strong>Ana L\u00f3pez<\/strong><\/p>\n<div>Todav\u00eda removida por esta noticia tan cruel, m\u00e1s que hablar de la muerte, quiero hablar de tu vida.<\/div>\n<div>Conoc\u00ed tu infinita amabilidad y generosidad hace 10 a\u00f1os en Zaragoza, t\u00fa con la oposici\u00f3n reci\u00e9n aprobada y lleno de ilusi\u00f3n por todo lo que pod\u00edas aportar, y yo con tres ni\u00f1os muy peque\u00f1os, la \u00faltima de apenas un a\u00f1o y la vida muy ajetreada.<\/div>\n<div>A pesar de todo, no dej\u00f3 de llamarme la atenci\u00f3n tu vitalidad, tu compa\u00f1erismo y tus ganas de hacer cosas, que cristalizaron en unas estupendas jornadas medievales en el centro. Siempre cordial, siempre atento y disponible.<\/div>\n<div>Despu\u00e9s te dieron destino definitivo y te perd\u00ed de vista hasta este verano, donde volvimos a coincidir esta vez en otra de tus pasiones, la naturaleza, en las excursiones que organiz\u00f3 el Ayuntamiento de Jaca. Nuevamente eras un punto de luz para todos los que all\u00ed est\u00e1bamos, jovial, conversador, acerc\u00e1ndonos la historia y la naturaleza de todos esos lugares que se te ve\u00eda en los ojos que amabas.<\/div>\n<div>Me siento agradecida por los pocos momentos que hemos compartido y que a pesar de todo recuerdo como un tesoro y solo lamento no haber podido ser alumna tuya, seguro que hoy la historia me gustar\u00eda mucho m\u00e1s de lo que me gusta. Gracias por hacer de este mundo un sitio mejor despu\u00e9s de tu paso y hasta siempre compa\u00f1ero.<\/div>\n<p>&nbsp;<\/p>\n<p>&nbsp;<\/p>\n<p><strong>Armando Serrano Mart\u00ednez, Director de la Fundaci\u00f3n y Archivo de Casa de Ganaderos<\/strong><\/p>\n<p>Fue una sorpresa cuando el jueves nos comunicaron el fallecimiento de Jos\u00e9 Antonio, una noticia que no quer\u00edamos creer en un primer momento, pero era verdad. Han sido muchos a\u00f1os de intercambiar amenas charlas sobre historia y sobre Casa de Ganaderos. A\u00fan recuerdo cuando empez\u00f3 a venir por un archivo, a\u00fan en proceso de inventario, en 1988. Su dedicaci\u00f3n y trabajo para con la historia de Casa de Ganaderos solo se ve\u00eda superada por su ilusi\u00f3n y pasi\u00f3n por esta instituci\u00f3n. Todo ello le llev\u00f3 a ser nombrado miembro del patronato de la Fundaci\u00f3n Casa de Ganaderos.\u00a0 Adem\u00e1s se fu\u00e9 el 29 de octubre, al d\u00eda siguiente de la celebraci\u00f3n de San Sim\u00f3n y San Judas, patronos de Casa de Ganaderos. Siempre le agradeceremos\u00a0 su trabajo y el cari\u00f1o para con nuestra historia, la Casa de Ganaderos siempre estar\u00e1 en deuda con \u00e9l. Un abrazo.<\/p>\n<div>\n<dl id=\"\">\n<dt>\n<p><figure style=\"width: 960px\" class=\"wp-caption alignnone\"><img loading=\"lazy\" decoding=\"async\" src=\"https:\/\/scontent-mad1-1.xx.fbcdn.net\/v\/t1.0-9\/393685_353615028061754_278762495_n.jpg?_nc_cat=106&amp;ccb=2&amp;_nc_sid=cdbe9c&amp;_nc_ohc=WfQ1cmcI5r4AX_ZBwIC&amp;_nc_ht=scontent-mad1-1.xx&amp;oh=45e76c70576bf255635a489401e1ed23&amp;oe=5FC71645\" alt=\"\" width=\"960\" height=\"720\" \/><figcaption class=\"wp-caption-text\">Ganado ovino estante. Allg\u00e4u (Baviera, Alemania). Foto de Otal en uno de sus viajes como cicloturista por Europa.<\/figcaption><\/figure><\/dt>\n<\/dl>\n<\/div>\n<p>&nbsp;<\/p>\n<p><strong>Angelines Gimeno Palacios<\/strong><\/p>\n<p>Estimado Jos\u00e9 Antonio:<\/p>\n<p>Acabo de enterarme de tu fallecimiento y siento mucha tristeza. Me han venido a la cabeza los recuerdos del viaje en bicicleta por el alto Rhincon el club de Monta\u00f1a Lo Bisaur\u00edn.<br \/>\nEn este viaje tuve la oportunidad de conocer tus valores, solidaridad,<br \/>\ncompa\u00f1erismo y alegr\u00eda y el amor que sent\u00edas por tu profesi\u00f3n y que a la m\u00ednima oportunidad nos transmit\u00edas.<\/p>\n<p>Siento mucho tu p\u00e9rdida Jos\u00e9 Antonio, un fuerte abrazo y hasta siempre.<\/p>\n<p>&nbsp;<\/p>\n<p><strong>Rub\u00e9n S\u00e1nchez<\/strong><\/p>\n<p>La monta\u00f1a que tanto amabas hizo que nos conoci\u00e9ramos.<\/p>\n<div dir=\"auto\">Nunca olvidar\u00e9 tu calidad humana, siempre estar\u00e1s en mi recuerdo y en el de todos los que te conocieron.<\/div>\n<div dir=\"auto\"><\/div>\n<div dir=\"auto\">Descansa en paz Jos\u00e9 Antonio.<\/div>\n<p>&nbsp;<\/p>\n<p>&nbsp;<\/p>\n<p><strong>AMPA IES Domingo Miral<\/strong><\/p>\n<p>Desde la Asociaci\u00f3n de Madres y Padres del Instituto queremos transmitir nuestras condolencias a la familia, profesores compa\u00f1eros, personal de conserjer\u00eda, administraci\u00f3n, limpieza y a sus alumnos, y esperamos que su legado de inocencia y sonrisa permanente perdure entre todos nosotros. Un abrazo muy fuerte a toda la gran familia que formamos.<\/p>\n<p>&nbsp;<\/p>\n<p><strong>Compa\u00f1eros y compa\u00f1eras de Carmen<\/strong><\/p>\n<p>Jos\u00e9 Antonio, algunos no te conocimos en persona, pero s\u00ed a alguien que lleva tu &#8220;impronta&#8221;, y te echaremos de menos.<\/p>\n<p>&nbsp;<\/p>\n<p><strong>Diego Mu\u00f1oz-Cobo y M\u00aa Nieves Orosa<\/strong><\/p>\n<div>Desde el impacto doloroso que nos ha producido tu p\u00e9rdida, recordamos agradecidos tu sonrisa permanente, tu conversaci\u00f3n entusiasta y tu trato siempre atento, grato y cari\u00f1oso. Hasta siempre, compa\u00f1ero.<\/div>\n<div><\/div>\n<div dir=\"ltr\" data-smartmail=\"gmail_signature\">\n<div dir=\"ltr\"><\/div>\n<\/div>\n<\/div>\n<div dir=\"auto\"><\/div>\n<div dir=\"auto\"><strong>Juli\u00e1n Casanova<\/strong><\/div>\n<div dir=\"auto\"><\/div>\n<div dir=\"auto\">Siento tu muerte, amigo Jos\u00e9 Antonio, te recuerdo como alumno, por tu pasi\u00f3n por la historia y su ense\u00f1anza. Ven\u00edas a verme cuando daba conferencias en Jaca y me transmit\u00edas tu afecto y simpat\u00eda. Descansa en paz y mi m\u00e1s sincero p\u00e9same a tu familia, especialmente a tu hermana, y a todos tus compa\u00f1eros en el IES Domingo Miral. Un abrazo de adi\u00f3s desde Austria.<\/div>\n<\/div>\n<\/div>\n<p>&nbsp;<\/p>\n<div>\n<div dir=\"auto\">\n<p>&nbsp;<\/p>\n<p><strong>Eduardo Mart\u00edn Mu\u00f1oz<\/strong><\/p>\n<p>Un compa\u00f1ero Un amigo<\/p>\n<p>Un compa\u00f1ero con el que compartes experiencias, conversaciones<br \/>\nCompartes vivencias, familia, libros<br \/>\nCompartes ilusiones, viajes, amistades. Compartes recuerdos, sensaciones, alegr\u00edas.<br \/>\nCompartes penalidades, penurias, situaciones y proyectos venideros.<\/p>\n<p>Tantas cosas compartes con mi compa\u00f1ero, que una parte de mi coraz\u00f3n se va contigo.<\/p>\n<p>Te echar\u00e9 de menos<\/p>\n<p>Compa\u00f1ero<\/p>\n<p>Amigo<\/p>\n<p>Amigo M\u00edo<\/p>\n<p>&nbsp;<\/p>\n<p><strong>Beatriz Beltr\u00e1n<\/strong><\/p>\n<p>Hasta siempre amigo monta\u00f1ero.<\/p>\n<p>Poco coincidimos, pero guardo un gran recuerdo de las excursiones juntos con el CER, tus conversaciones tan amables y llenas de sabidur\u00eda, me ha impactado la noticia. Otal, seguro que estar\u00e1s en un gran lugar, te lo has ganado, disfruta de tus pasiones all\u00e1 donde est\u00e9s. Un saludo!<\/p>\n<p>&nbsp;<\/p>\n<p><strong>Modesta Vicente<\/strong><\/p>\n<p>En memoria de una gran persona.<\/p>\n<p>T\u00fa sonrisa, tu carta de presentaci\u00f3n.<\/p>\n<div dir=\"auto\">Entusiasta de la historia, de la vida, de la madre naturaleza.<\/div>\n<div dir=\"auto\">En mi recuerdo esas tardes de caf\u00e9 en tu casa, tus lecciones de historia\u00a0 visitando monumentos, paseando por las calles de tu querida Jaca&#8230;. nuestras caminatas monta\u00f1a arriba y\u00a0 abajo.\u00a0 Y nuestro amor a los gatos.. tu gatita, la reina de tu casa.<\/div>\n<div dir=\"auto\">Un abrazo all\u00ed donde est\u00e9s amigo.<\/div>\n<p>&nbsp;<\/p>\n<p>&nbsp;<\/p>\n<p><strong>Javier Cort\u00e9s<\/strong><\/p>\n<p>Llegamos a Jaca casi a la vez y siempre fue un gusto tenerte cerca. Siempre amable, siempre dispuesto a conversar, humildemente sabio. Buen viaje amigo, que la tierra te sea leve.<\/p>\n<div>\n<p>&nbsp;<\/p>\n<p>&nbsp;<\/p>\n<p><strong>Guillermo Garrido<\/strong><\/p>\n<\/div>\n<p>A mi querido amigo Jos\u00e9 Antonio.<\/p>\n<p>Nos conocimos en el curso 2004-2005, cuando t\u00fa llegaste al I.E.S. &#8220;Domingo Miral&#8221; por primera vez como profesor interino a media jornada en el Departamento de Geograf\u00eda e Historia. Y, por circunstancias del destino, fuimos compa\u00f1eros de dicho Departamento porque me toc\u00f3 dar la Geograf\u00eda del Bachillerato Nocturno. A decir verdad, y como profesor de Franc\u00e9s de toda la vida, aquello me lo tom\u00e9 como un reto y le puse mucha ilusi\u00f3n. Fue entonces cuando empezamos a compartir experiencias, sobre todo profesionalmente.<\/p>\n<p>Pues bien: seguiste alg\u00fan tiempo m\u00e1s con la jornada completa, y, tras un par\u00e9ntesis de unos pocos a\u00f1os, acabaste como profesor titular con destino definitivo. Y, adem\u00e1s, siendo \u00faltimamente Jefe del Departamento.<\/p>\n<p>Recuerdo alguna charla sobre transhumancia\u00a0 que nos diste en la actividad de &#8220;Aprender de nuestros compa\u00f1eros&#8221;. Y los buenos momentos que hemos pasado juntos dentro y fuera del trabajo por diversos motivos. Tu sonrisa y buen compa\u00f1erismo, as\u00ed como t\u00fa val\u00eda personal y profesional, te han hecho superar los obst\u00e1culos que hayas podido encontrar en tu camino. Incluso por las m\u00e1s altas monta\u00f1as del planeta.<\/p>\n<p>Recuerdo tambi\u00e9n tus trabajos e investigaciones sobre la Casa de Ganaderos de Zaragoza (la empresa m\u00e1s antigua de Espa\u00f1a), de los que en alguna ocasi\u00f3n me hiciste part\u00edcipe. Como yo a ti con mis fichas e investigaciones sobre meteorolog\u00eda, que tan a gusto le\u00edas.<\/p>\n<p>Sin embargo, una deuda me quedar\u00e1 para siempre contigo: el ir a tomar un caf\u00e9 a tu casa. Varias veces nos lo dijiste, de coraz\u00f3n, a mi mujer y a m\u00ed. A partir de ahora, siempre que tenga una taza de caf\u00e9 en la mano, te recordar\u00e9 con toda la emoci\u00f3n que ahora me embarga sabiendo que ya no ser\u00e1 posible un momento as\u00ed. El COVID-19, tristemente, te apag\u00f3 la vida. T\u00fa ya no est\u00e1s entre nosotros f\u00edsicamente; pero el recuerdo que nos dejas durar\u00e1 siempre entre quienes te conocimos.<\/p>\n<p>Por eso, y por mucho m\u00e1s, desde aqu\u00ed te digo, all\u00e1 donde est\u00e9s:<\/p>\n<p>\u00a1\u00a1Hasta siempre, Otal!!<\/p>\n<p>Tu amigo para siempre<\/p>\n<div>\n<dl id=\"attachment_3424\">\n<dt>\n<p><figure style=\"width: 474px\" class=\"wp-caption alignnone\"><img data-recalc-dims=\"1\" loading=\"lazy\" decoding=\"async\" src=\"https:\/\/i0.wp.com\/wp.catedu.es\/ochoben\/wp-content\/uploads\/sites\/5\/2020\/11\/50ANIVERSARIO.jpg?resize=474%2C356\" alt=\"\" width=\"474\" height=\"356\" \/><figcaption class=\"wp-caption-text\">En la celebraci\u00f3n del 50 aniversario del IES Domingo Miral con algunos compa\u00f1er@s<\/figcaption><\/figure><\/dt>\n<dd><\/dd>\n<\/dl>\n<\/div>\n<p>&nbsp;<\/p>\n<p><strong>Carmen Salvador<\/strong><\/p>\n<p>Desde la consternaci\u00f3n y la tristeza, solo queda decirte adi\u00f3s. Fuimos compa\u00f1eros y compartimos el amor por la Historia, tu gran pasi\u00f3n. Te coment\u00e9 que estaba investigando sobre el pasado de mi pueblo y te ofreciste a ayudarme. No pudo ser. Recuerdo un d\u00eda, en una conferencia en Jaca. Te hab\u00edas tra\u00eddo a tu madre, para no dejarla sola. Ella me salud\u00f3 y sonre\u00eda. Estaba orgullosa de su hijo. Recuerdo a la entrada de clase del PMAR. Hab\u00edas dejado en la pizarra un an\u00e1lisis de una pel\u00edcula hist\u00f3rica que estabais viendo con los alumnos. Te coment\u00e9: \u201c\u00a1Qu\u00e9 cosas tan chulas les haces!\u201d. Bajaste la cabeza y sonre\u00edste t\u00fa.<\/p>\n<p>Un abrazo muy fuerte para todas las personas que te quer\u00edan.<\/p>\n<p>&nbsp;<\/p>\n<p><strong>Jos\u00e9 Maria Satu\u00e9<\/strong><\/p>\n<p>Siento mucho su fallecimiento. Una buena persona, muy trabajador y &#8220;aplicado&#8221;, un calificativo muy usado por los docentes. Conocedor de mi origen rural, habl\u00e1bamos de la cultura tradicional, especialmente de la ganader\u00eda.<\/p>\n<\/div>\n<div dir=\"auto\">All\u00e1 donde est\u00e9s descansa en paz, amigo!<\/div>\n<div dir=\"auto\">Mis condolencias a los compa\u00f1eros profesores y a sus alumnos.<\/div>\n<div><\/div>\n<div><\/div>\n<div><\/div>\n<div><strong>Sergio Ostale<\/strong><\/div>\n<div><\/div>\n<div>Como profesor del IES Conde de Aranda de Alag\u00f3n, mandar un fuerte abrazo a toda la comunidad educativa del IES Domingo Miral.<\/div>\n<div>DEP<\/div>\n<p>&nbsp;<\/p>\n<p>&nbsp;<\/p>\n<p><strong>David Merino Ib\u00e1\u00f1ez<\/strong><\/p>\n<p>Me dio clase hace muchos a\u00f1os en el Virgen del Pilar.<br \/>\nUna persona que deja huella ya que lo reconoc\u00ed de inmediato a pesar del tiempo.<br \/>\nRecuerdo su simpat\u00eda y que era una persona que le apasionaba su profesi\u00f3n, la historia y sobretodo, educar.<br \/>\nMi m\u00e1s sentido p\u00e9same y mis condolencias a sus seres queridos.<br \/>\nDescansa en paz amigo<\/p>\n<p>&nbsp;<\/p>\n<p><strong>B\u00faha Falc\u00f3n<\/strong><\/p>\n<p>Sonrisa e inteligencia<\/p>\n<p>Te conoc\u00ed\u00a0 por mi t\u00eda Isabel Falcon, a\u00f1os antes de conocerte f\u00edsicamente, enamorado de nuestra tierra de nuestra historia, nos has mostrado muchas veces una sonrisa, conversador incansable siento que te vas demasiado pronto, con tantas cosas por hacer y terminar.<\/p>\n<div dir=\"auto\">HASTA SIEMPRE\u00a0 Amigo, que pena tan grande llevo,\u00a0 de las cenas que no tendremos, las conferencias que no dar\u00e1s, las charradas que no tendremos.<\/div>\n<div dir=\"auto\">Un abrazo a todos los que sentimos tu perdida y el enorme vac\u00edo que dejas.<\/div>\n<\/div>\n<div dir=\"auto\"><\/div>\n<div dir=\"auto\"><\/div>\n<div dir=\"auto\"><\/div>\n<div dir=\"auto\"><strong>Carlos Sentis<\/strong><\/div>\n<div dir=\"auto\"><\/div>\n<div dir=\"auto\">Tuve la suerte de conocerte hace muchos a\u00f1os, precisamente en Jaca la ciudad que amas.<\/div>\n<div dir=\"auto\">Recuerdo lo mucho que sabes de la \u00e9poca medieval, del Pirineo como as\u00ed reflejan tus art\u00edculos publicados y los que tienes pendientes&#8230;<\/div>\n<div dir=\"auto\">Y lo buena persona que eres, eso por encima de todo.<\/div>\n<div dir=\"auto\">Hasta siempre Otal.<\/div>\n<div dir=\"auto\"><\/div>\n<div>\n<dl id=\"\">\n<dt>\n<p><figure style=\"width: 800px\" class=\"wp-caption alignnone\"><img data-recalc-dims=\"1\" loading=\"lazy\" decoding=\"async\" src=\"https:\/\/i0.wp.com\/listarojapatrimonio.org\/lista-roja-patrimonio\/wp-content\/uploads\/San-Miguel-de-Otal-1.jpg?resize=474%2C356&#038;ssl=1\" alt=\"Iglesia de San Miguel de Otal - Lista Roja del Patrimonio\" width=\"474\" height=\"356\" \/><figcaption class=\"wp-caption-text\">San Miguel de Otal (Foto de este art\u00edculo)<\/figcaption><\/figure><\/dt>\n<dd><\/dd>\n<\/dl>\n<\/div>\n<p>&nbsp;<\/p>\n<p><strong>Pilar Falc\u00f3n P\u00e9rez<\/strong><\/p>\n<p>Querido Jos\u00e9 Antonio: te conoc\u00ed como doctorando de mi hermana Isabel, incluso visitaste mi casa y compartiste alguna comida familiar. Tambi\u00e9n coincidimos en alg\u00fan congreso de la Corona de Arag\u00f3n y la amistad epistolar ha continuado. Lo que nunca llegu\u00e9 a saber es\u00a0 que \u00a0compartimos las aulas del Domingo Miral, t\u00fa como profesor hasta hoy y yo como alumna en los lejanos a\u00f1os 60. Gracias por estar ah\u00ed: siempre ser\u00e1s para m\u00ed una presencia llena de luz y bondad.<\/p>\n<p>&nbsp;<\/p>\n<p><strong>\u00d3scar Mu\u00f1oz<\/strong><\/p>\n<p>Te conoc\u00ed poco, Otal.<\/p>\n<p>Pero se me qued\u00f3 grabado un d\u00eda que me comentaste, hablando de esas monta\u00f1as que tanto nos gustaban, que hab\u00edas subido dos veces al Cervino. \u201cEres mi \u00eddolo\u201d te contest\u00e9. \u00bfTe acuerdas?<\/p>\n<p>Un abrazo.<\/p>\n<p>&nbsp;<\/p>\n<p><strong>M. Pilar Bonet<\/strong><\/p>\n<p>A\u00fan no lo acabo de creer.\u00a0Lo siento much\u00edsimo. Era una persona entra\u00f1able. Un abrazo para todos.<\/p>\n<div><\/div>\n<p>&nbsp;<\/p>\n<p><strong>Martine Charageat<\/strong><\/p>\n<p>Me llamo Martine soy profesora de historia medieval en Burdeos<br \/>\nMe alquilo su piso Jos\u00e9 Antonio cuando preparaba la tesis doctoral de historia medieval en Zaragoza.<br \/>\nY eso fue en 1997-1999. Sus padres fueron como mi segunda familia.<br \/>\nDesde entonces hemos quedado amigos y en contacto hacia hasta poco. Me mandaba fotos del Pirineo y de sus viajes. Era una persona tan buena, siempre con la sonrisa, muy generosa<br \/>\nY se sabia tantas cosas de historia y de los hombres de su tierra. Siempre le encantaba descubrir a los dem\u00e1s.<br \/>\nAl enterarme a noche de sus desaparici\u00f3n,\u00a0 una luz se ha apagado en mi casa\u00a0 y me siento muy muy triste, con una inmensa pena !<br \/>\nQue vayas bien Jos\u00e9 Antonio a cualquier sitio en donde te encuentres ahora !!!<\/p>\n<p><img decoding=\"async\" src=\"https:\/\/scontent-mad1-1.xx.fbcdn.net\/v\/t1.0-9\/251521_346041998819057_754074126_n.jpg?_nc_cat=102&amp;ccb=2&amp;_nc_sid=cdbe9c&amp;_nc_ohc=LsMg0FRpzKgAX-E0wpB&amp;_nc_ht=scontent-mad1-1.xx&amp;oh=0ac09f25e983825872bff9594c367cf6&amp;oe=5FC9AEF7\" \/><\/p>\n<p>&nbsp;<\/p>\n<p>&nbsp;<\/p>\n<p><strong>Pilar Fern\u00e1ndez<\/strong><\/p>\n<p>No puedo creerlo. Gracias por haber estado. Gracias. Un beso a su hermana.<\/p>\n<p>&nbsp;<\/p>\n<p><strong>Jos\u00e9 \u00c1ngel S\u00e1nchez Ib\u00e1\u00f1ez<\/strong><\/p>\n<p>Lo trat\u00e9 durante los a\u00f1os finales de la carrera. Seguimos coincidiendo con cierta frecuencia, y luego cada vez m\u00e1s espor\u00e1dicamente. Ahora hac\u00eda ya muchos a\u00f1os que no lo ve\u00eda, que no nos ve\u00edamos. De hecho, ni siquiera sab\u00eda que estaba en Jaca. Pero la distancia no fue el olvido: precisamente de Jos\u00e9 Antonio no me he olvidado. Nunca. Lo recuerdo de sonrisa muy franca, muy abierto y muy luminoso. Y tambi\u00e9n algunas an\u00e9cdotas que lo pintaban como un tipo extraordinario.<\/p>\n<div>\n<p>Lo he sentido mucho.\u00a0Descanse en paz.<\/p>\n<p>&nbsp;<\/p>\n<p><strong>Jos\u00e9 Luis Cast\u00e1n Esteban<\/strong><\/p>\n<p>Conoc\u00ed a Jos\u00e9 Antonio hace casi treinta anos, en un congreso de historia. Nos un\u00eda un tema com\u00fan, la historia de la trashumancia. \u00c9l en Zaragoza y yo en Teruel. Colaboramos durante a\u00f1os, especialmente en el museo de la trashumancia de Guadalaviar. Siempre admir\u00e9 su pasi\u00f3n por la naturaleza, su trabajo como investigador, su energ\u00eda.<\/p>\n<div dir=\"auto\">La trasmit\u00eda en cada conferencia, en cada conversaci\u00f3n. De hecho, recuerdo que siempre era imposible que se ajustara al tiempo establecido. Sab\u00eda tanto y quer\u00eda compartirlo todo. Por eso necesitaba m\u00e1s y m\u00e1s tiempo, m\u00e1s y m\u00e1s p\u00e1ginas.<\/div>\n<div dir=\"auto\"><\/div>\n<div dir=\"auto\">Me he sentido muy orgulloso de su amistad, y su recuerdo, no solo estar\u00e1 en sus alumnos, y en las personas que disfrutamos con \u00e9l, sino en los muchos lectores en todo el mundo de sus trabajos, que perdudar\u00e1n, ahora en Internet. En ellos cualquier investigador de la trashumancia podr\u00e1 descubrir los personajes, la historia, las vivenvias que palpitan en la vida de los grandes hombres y de los peque\u00f1os pastores, no solo de la Casa de Ganaderos de Zaragoza, o del Pirineo, sino en la esencia de Arag\u00f3n.<\/div>\n<p>&nbsp;<\/p>\n<p>&nbsp;<\/p>\n<p><strong>Roberto Viruete Erdozain<\/strong><\/p>\n<p>Hola Jos\u00e9 Antonio.<\/p>\n<div dir=\"auto\">All\u00e1 en el cielo, desde donde nos ver\u00e1s ahora, te escribo para despedirme.<\/div>\n<div dir=\"auto\"><\/div>\n<div dir=\"auto\">No \u00e9ramos amigos. Ni creo que ambos lo quisi\u00e9ramos ser. Te conoc\u00ed en la carrera, cuando trabajabas con becas en proyectos de investigaci\u00f3n con Isabel Falc\u00f3n, DEP, a la que sustituiste un par de clases, con Sesma y finalmente con Angelines Magall\u00f3n. Gracias a ella es cuando m\u00e1s tiempo estuvimos juntos. Viniste con nosotros a excavar a Labitolosa los a\u00f1os 2001 y 2002. En ese a\u00f1o, dejaste ya la universidad, aunque sin perder el contacto, y te fuiste a trabajar a secundaria. Yo me alegr\u00e9 por ti. En 2010 sacaste la plaza. Y ese a\u00f1o creo nos vimos de nuevo en Graus, donde estuviste trabajando. Y luego en Jaca encontraste tu lugar. Siempre junto a la monta\u00f1a, que te gustaba, y donde trabajan los ganaderos, a los cuales estudiaste en la Edad Media. Adi\u00f3s doctor Otal. Nunca te olvidaremos y Labitolosa siempre ser\u00e1 tu casa.<\/div>\n<p>&nbsp;<\/p>\n<div>\n<dl id=\"\">\n<dt>\n<p><figure style=\"width: 1000px\" class=\"wp-caption alignnone\"><img data-recalc-dims=\"1\" loading=\"lazy\" decoding=\"async\" src=\"https:\/\/i0.wp.com\/redaragon.elperiodicodearagon.com\/img\/upload\/49557_g.JPG?resize=474%2C295&#038;ssl=1\" alt=\"Exposici\u00f3n Labitolosa. Una ciudad romana en el Pirineo oscense en Huesca, Museo de Huesca - RedAragon\" width=\"474\" height=\"295\" \/><figcaption class=\"wp-caption-text\">Labitolosa &#8211; La Puebla de Castro &#8211; Foto Art\u00edculo Excavaciones<\/figcaption><\/figure><\/dt>\n<\/dl>\n<\/div>\n<p>&nbsp;<\/p>\n<p><strong>Carolina Ibor Monesma<\/strong><\/p>\n<p>Siento mucho el fallecimiento de Jos\u00e9 Antonio, una persona estupenda y a quien debemos tantos y tan interesantes trabajos. Una tragedia terrible.<\/p>\n<p>Acompa\u00f1o en el sentimiento a su familia y en particular a su hermana, antigua compa\u00f1era en la Facultad de Econ\u00f3micas.<\/p>\n<p>Un abrazo<\/p>\n<p>&nbsp;<\/p>\n<p><strong>Ram\u00f3n Lamb\u00e1n<\/strong><\/p>\n<p>Hola:<br \/>\nCon mucha tristeza me entero que Otal, Jos\u00e9 Antonio nos ha dejado, me acuerdo de su sonrisa, de sus ganas de vivir, de su Pirineo, como le gustaba y lo amaba, pasamos algunas ratos juntos, qu\u00e9 bien!!!<br \/>\nUn abrazo para su familia, amigos y compa\u00f1eros en estos momentos<br \/>\ndif\u00edciles, le recordaremos.<br \/>\nSalud para todos y que descanse en PAZ.<\/p>\n<p>&nbsp;<\/p>\n<p><strong>Luis Pastor Lasmar\u00edas<\/strong><\/p>\n<p>Un amigo com\u00fan me comunica tu marcha, una gran pena amigo. Tu ilusi\u00f3n por cambiar este pa\u00eds nos hizo coincidir en la militancia de CHA. Defender un futuro mejor para toda la ciudadan\u00eda no solo era un objetivo, era una forma de entender su compromiso, su amor por este pa\u00eds y sus gentes.<\/p>\n<p>Compa\u00f1ero, tu marcha me ha dejado sin palabras.<\/p>\n<div>Que las tierras altas de nuestro Arag\u00f3n te acojan con tanto cari\u00f1o como t\u00fa lo tenias a estas tierras.<\/div>\n<div>Salut<\/div>\n<p>&nbsp;<\/p>\n<p>&nbsp;<\/p>\n<p><strong>Carlos Gonz\u00e1lez Sanz<\/strong><\/p>\n<div>En Graus tambi\u00e9n guardamos tu recuerdo en nuestro coraz\u00f3n, compa\u00f1ero.<\/div>\n<div>Gracias por todo lo que nos ense\u00f1aste.<\/div>\n<div>Que la tierra te sea leve.<\/div>\n<p>&nbsp;<\/p>\n<p>&nbsp;<\/p>\n<p><strong>Carlos Laliena Corbera<\/strong><\/p>\n<div>Buenas tardes<\/div>\n<div>\n<p>Durante algunos a\u00f1os compart\u00ed el trabajo en el Departamento de Historia Medieval con Jos\u00e9 Antonio y hoy lamento profundamente su p\u00e9rdida y quiero expresar mis condolencias y mi recuerdo para una persona siempre amable y colaboradora, adem\u00e1s de un importante historiador.<\/p>\n<p>&nbsp;<\/p>\n<p><strong>Rosi Paul<\/strong><\/p>\n<\/div>\n<div>Te has ido. muy r\u00e1pido mi ni\u00f1o&#8230; no te lo perdono&#8230; dicen que hay otra vida, &#8230;yo no s\u00e9&#8230; pero si es as\u00ed&#8230; no olvides tu sonrisa&#8230; as\u00ed te recordar\u00e9.<\/div>\n<p>&nbsp;<\/p>\n<p>&nbsp;<\/p>\n<p><strong>To\u00f1a Cast\u00e1n Gar\u00f3s- Jaca Jacobea<\/strong><\/p>\n<p>Desde la Asociaci\u00f3n Amigos del Camino de Santiago de Jaca, Jaca Jacobea, queremos trasmitir nuestras condolencias a los familiares, amigos y a toda la entidad educativa del Instituto \u00a0Domingo Miral por el inesperado fallecimiento de Jos\u00e9 Antonio Otal, Josan, socio y colaborador de esta asociaci\u00f3n.<\/p>\n<p>Con la amabilidad que le caracterizaba, en 2017, pronunci\u00f3 una conferencia a cargo de la asociaci\u00f3n en el sal\u00f3n de Ciento del Ayuntamiento, \u00a0con motivo del 30 aniversario de la proclamaci\u00f3n de Itinerario Cultural Europeo del Camino de Santiago.<\/p>\n<p>Y el pasado mes de marzo nos entreg\u00f3, con gran entusiasmo, el plan de contenidos del curso sobre historia en el Camino que \u00a0hab\u00edamos ideado impartir este oto\u00f1o aunque las circunstancias sanitarias nos han obligado a suspenderlo. Su entrega a este proyecto como docente nos aseguraba la realizaci\u00f3n, en un futuro, del mismo.<\/p>\n<p>Su valioso trabajo, su amabilidad, su entusiasmo, colaboraci\u00f3n y su permanente sonrisa es lo que nos deja como legado.<\/p>\n<p>Por ello, trasmitimos nuestro pesar a sus familiares, amigos, compa\u00f1eros de trabajo y a todo aquel que ha podido disfrutar de su compa\u00f1\u00eda y sus valores.<\/p>\n<p>Todos lamentamos \u00a0terriblemente su perdida.<\/p>\n<p>Un fuerte abrazo para todos.<\/p>\n<p>&nbsp;<\/p>\n<p><strong>Neilson Meneses (Sergipe- Brasil)<\/strong><\/p>\n<div>Siento profundamente la noticia del fallecimiento de Jos\u00e9 Antonio Otal, un amigo muy querido y ser un ser humano especial que tuve el privilegio de conocer. S\u00e9 que el era querido para mucha m\u00e1s gente. Su memoria seguir\u00e1 viva en nuestros corazones. Mi m\u00e1s sentido p\u00e9same, descanse en paz mi amigo.<\/div>\n<p>&nbsp;<\/p>\n<p>&nbsp;<\/p>\n<p><strong>Eva Nogu\u00e9s<\/strong><\/p>\n<div>Con todo cari\u00f1o, nuestro m\u00e1s sentido p\u00e9same, a la familia y toda la Comunidad Educativa del IES Domingo Miral, del Centro Ignacio Claver, Valentia Martillu\u00e9.Fernando Pascual Carvajal<\/div>\n<div><\/div>\n<div>Con mucho pesar, se reavivan los recuerdos de experiencias compartidas.<\/div>\n<p>&nbsp;<\/p>\n<p>&nbsp;<\/p>\n<p><strong>Ana Gam\u00f3n Cervell\u00f3<\/strong><\/p>\n<p>D.E.P. Una gran perdida. Muchos \u00e1nimos a la familia, amigos i al alumnado que seguro\u00a0 que lo va a recordar &#x2665;&#xfe0f; siempreverde<\/p>\n<p>&nbsp;<\/p>\n<p><strong>Manuel Aranda Ari\u00f1o<\/strong><\/p>\n<p>Jos\u00e9 Antonio !! Qu\u00e9 tristeza!!, es uno\u00a0 de esos casos, que cuando te dan la noticia, te invade una angustia e impotencia dif\u00edcil de digerir.<br \/>\nFuimos vecinos y nos uni\u00f3 una gran amistad. Fundamos por los a\u00f1os 80 la CHA.<br \/>\n!!Que buena gente eras!!<br \/>\nSiempre te llevaremos en nuestro coraz\u00f3n.<\/p>\n<\/div>\n<p>&nbsp;<\/p>\n<p><strong>Lorena Domenech<\/strong><\/p>\n<p>Que tu estrella brille all\u00e1 donde est\u00e9s<\/p>\n<\/div>\n<p>&nbsp;<\/p>\n<p><strong>Ra\u00fal Mateo Otal.\u00a0 Clermont-Ferrand (Francia)<\/strong><\/p>\n<div>Hola primo, te has ido sin despedirte y eso duele, tengo dentro un incre\u00edble dolor, y un tremendo vac\u00edo se ha creado en m\u00ed al saber anoche de tu inesperada desaparici\u00f3n. Cu\u00e1ntos recuerdos se amontonan en mi cabeza de los momentos pasados juntos. Pero, sobre todo, ha quedado grabado en mi ADN el viaje inici\u00e1tico en el que me llevaste a recorrer los Pirineos durante dos semanas, hace ya de eso 36 a\u00f1os. \u00cdbamos los dos solos, viajando a pinrel, con sendos mochilones cargados hasta los topes, sin tienda de campa\u00f1a, dorm\u00edamos bajo las estrellas. Esa experiencia incre\u00edble de encontrarnos en la soledad de las aldeas, sendas, valles, barrancos, cimas, a penas transitadas en aquella \u00e9poca, es inolvidable. Y como buen maestro que ya eras, supiste trasmitir a un entonces urbanita como yo era, tu amor por la Naturaleza y por nuestros queridos Pirineos. Eso no se olvida nunca y nunca te voy a olvidar, mi querido primo Jos\u00e9 Antonio. Cada vez que recorra una de esas sendas pirenaicas rodeadas de parajes incre\u00edbles, tu sonrisa, tu animo conversador y tu alegr\u00eda vital estar\u00e1n presentes en mi mente.<\/div>\n<div><\/div>\n<div>Un fuerte abrazo primo y hasta siempre.<\/div>\n<div><\/div>\n<p>&nbsp;<\/p>\n<p><strong>Luc\u00eda La\u00edn<\/strong><\/p>\n<p>\u00a1Qu\u00e9 pena he sentido al enterarme! Siempre te recordaremos por tu sonrisa y emoci\u00f3n que pon\u00edas hablando de tus pasiones. D.E.P.<\/p>\n<p>&nbsp;<\/p>\n<p><img decoding=\"async\" src=\"https:\/\/scontent-mad1-1.xx.fbcdn.net\/v\/t1.0-9\/377268_346017572154833_1648876566_n.jpg?_nc_cat=105&amp;ccb=2&amp;_nc_sid=cdbe9c&amp;_nc_ohc=V2i1_kh_G6IAX9hMUob&amp;_nc_ht=scontent-mad1-1.xx&amp;oh=2352a4dd16a72e1e9d52b689d48a28e3&amp;oe=5FC94BA4\" \/><\/p>\n<p>&nbsp;<\/p>\n<p><strong>El equipo del Centro de Profesorado Ana Abarca de Bolea (Huesca)<\/strong><\/p>\n<p>Estimados compa\u00f1eros y compa\u00f1eras de la comunidad educativa del IES Domingo Miral, familia y amigos del Profesor Jos\u00e9 Antonio\u00a0 Otal.<\/p>\n<div>Os acompa\u00f1amos en tan dolorosa e injusta p\u00e9rdida. Sentimos de coraz\u00f3n que las palabras, las ense\u00f1anzas y la humanidad de un docente como Jos\u00e9 Antonio ya no puedan seguir escuch\u00e1ndose en vuestro centro.<\/div>\n<div><\/div>\n<div>\n<p>Nos ponemos a vuestra disposici\u00f3n en estos dif\u00edciles momentos. Recibid un sincero abrazo.<\/p>\n<p>&nbsp;<\/p>\n<p><strong>Victoria Valverde Viu<\/strong><\/p>\n<p>Un abrazo a todos por esta p\u00e9rdida.<\/p>\n<p>&nbsp;<\/p>\n<p><strong>Carlos Ruiz Br\u00fcckel<\/strong><\/p>\n<p>\u201cCuando camine por tus queridas monta\u00f1as podr\u00e9 ver una estrella m\u00e1s en el cielo\u201d<\/p>\n<p><img data-recalc-dims=\"1\" loading=\"lazy\" decoding=\"async\" src=\"https:\/\/i0.wp.com\/wp.catedu.es\/ochoben\/wp-content\/uploads\/sites\/5\/2020\/11\/image0.jpeg?resize=474%2C711\" alt=\"\" width=\"474\" height=\"711\" \/><\/p>\n<p>&nbsp;<\/p>\n<p><strong>Agueda Garc\u00eda Garc\u00eda<\/strong><\/p>\n<p>Mi silencio y mi respeto para ti y tu familia.<br \/>\nHasta siempre<\/p>\n<p>&nbsp;<\/p>\n<p><strong>Lidia Caba Viscasillas<\/strong><\/p>\n<p>Hace unos 16\/17 a\u00f1os que me di\u00f3 clase.<br \/>\nEra un profesor espectacular! Lo recuerdo y lo recordar\u00e9 siempre con una sonrisa en la cara cuando entraba a clase, su pasi\u00f3n por ense\u00f1ar y ense\u00f1arnos a respetar la tierra, la manera en que hac\u00eda que la clase no fuera \u201caburrida\u201d&#8230;<br \/>\nSiempre en el recuerdo.<\/p>\n<p>Hasta siempre Otal.<\/p>\n<p>&nbsp;<\/p>\n<p><strong>Aitana Bautista<\/strong><\/p>\n<p>Nunca me distes clase, pero siempre te ve\u00eda por los pasillos y por los recreos y me toc\u00f3 contigo en alguna guardia. Se te echa en falta en el instituto, hay un ambiente melanc\u00f3lico y triste desde que te fuiste. Descansa en paz.<\/p>\n<p>&nbsp;<\/p>\n<p><strong>Patricia Trigo Vilaseca<\/strong><br \/>\nNos queda tu recuerdo despu\u00e9s de tantos a\u00f1os: tus jerseys, tu sonrisa, tus libros siempre debajo del brazo&#8230; esa sonrisa de ni\u00f1o&#8230;Me cuesta escribir y me duele saber que ya no est\u00e1s\u00a0 aqu\u00ed.<br \/>\nEspero que haya libros all\u00e1\u00a0 donde est\u00e9s\u00a0 y sea tu para\u00edso .<\/p>\n<p>&nbsp;<\/p>\n<p><strong>Silvia Laguarta<\/strong><\/p>\n<div>Sigo sin poder creer lo que ha pasado. Estoy con una pena enorme.<\/div>\n<div>Al pensar en Jos\u00e9 Antonio,\u00a0 pienso que llego tarde.<\/div>\n<div>Tarde porque nunca le dije gracias por estar siempre sonriente, por tener siempre unas palabras conmigo, por su saludo afectuoso, por su alegr\u00eda.<\/div>\n<div>Qu\u00e9 buena persona era. Bueno, con una bondad que transmit\u00eda con su sonrisa.<\/div>\n<div>Siempre formar\u00e1 parte de mi recuerdo de nuestra gran familia del Domingo Miral.<\/div>\n<div>Un abrazo<\/div>\n<\/div>\n<div dir=\"auto\">\n<p dir=\"ltr\"><strong>Javier Gast\u00f3n<\/strong><\/p>\n<div>Hasta siempre compa\u00f1ero.<\/div>\n<div>No me olvidar\u00e9 de mi primera sustituci\u00f3n como profesor en Jaca y de c\u00f3mo me recibiste con una sonrisa y los brazos abiertos en la sala de profesores. Desde luego, era esa tu actitud, calurosa y cercana, la que te acompa\u00f1\u00f3 en vida y por la que siempre se te recordar\u00e1. DEP<\/div>\n<div><\/div>\n<div>Un abrazo fuerte a toda la comunidad del IES Domingo Miral<\/div>\n<p dir=\"ltr\"><strong>Cartro<\/strong><\/p>\n<p dir=\"ltr\">Mi m\u00e1s sentido p\u00e9same. D.E.P.<\/p>\n<\/div>\n<div>\n<div dir=\"auto\"><\/div>\n<div dir=\"auto\"><\/div>\n<div dir=\"auto\">\n<p><strong>Jos\u00e9 \u00c1ngel Hierro Jarne<\/strong><\/p>\n<p><img decoding=\"async\" src=\"https:\/\/mail.google.com\/mail\/u\/2?ui=2&amp;ik=ad4b90dff0&amp;attid=0.1.1&amp;permmsgid=msg-f:1681979305128286473&amp;th=1757974439bad909&amp;view=fimg&amp;sz=s0-l75-ft&amp;attbid=ANGjdJ_zLXMVbaAukh9Wo59cE-WPJZ9VQwn1izfkPA_7A6f87VmcUkFm5DNMXoWzDXHpzKAV-vR2VCAsDsJh1RBnHL4F0nHvqLj4Ve5NhJpPB0cxAyGTlOqprkUYVcg&amp;disp=emb\" \/><\/p>\n<p>Hasta siempre. Que la tierra te sea leve.<\/p>\n<p>&nbsp;<\/p>\n<p><strong>Eduardo Estella Rabal<\/strong><\/p>\n<p>Hola amigo espero que estes con tus monta\u00f1as,\u00a0 tu trashumancia,\u00a0 tus ganados.<\/p>\n<p>Que disfrutes Jos\u00e9 Antonio<\/p>\n<p>&nbsp;<\/p>\n<p><strong>M\u00aa del Carmen Garc\u00eda Herrero<\/strong><\/p>\n<p>Querido Jos\u00e9 Antonio: Creo que nadie mejor que t\u00fa puede entender las reconfortantes palabras del Salmo 23. Que el Buen Pastor te haya conducido a verdes praderas en las que poderte recostar, en donde goces de fuentes tranquilas y repares tus fuerzas.<br \/>\nCon todo mi cari\u00f1o, querido compa\u00f1ero. Descansa en paz.<br \/>\nCarmina<\/p>\n<p>&nbsp;<\/p>\n<p><strong>Todo el equipo de HUSTE<\/strong><\/p>\n<p>Desde el sindicato HUSTE queremos transmitiros todo nuestro apoyo en estos momentos tan dif\u00edciles. Nos sumamos a tan dolorosa p\u00e9rdida y os acompa\u00f1amos en el sentimiento.<br \/>\nUn afectuoso abrazo.<\/p>\n<p>&nbsp;<\/p>\n<p><strong>Direcci\u00f3n IES Miguel Servet<\/strong><\/p>\n<p>Ya hace unos a\u00f1os, compartimos departamento en el IES Miguel Servet y nos dejaste en el coraz\u00f3n el poso de tu mirada limpia, tu sonrisa amplia y tus tremendas ganas de participar en la vida del Centro y del Departamento.<\/p>\n<p>Y en la retina,\u00a0 nuestra hist\u00f3rica Jornada Medieval y nuestras excursiones a tu querido Pirineo.<\/p>\n<p>La muerte ha llegado demasiado pronto y nos deja un poco hu\u00e9rfanos.<\/p>\n<p>Hasta siempre querido compa\u00f1ero!!!!<\/p>\n<p>&nbsp;<\/p>\n<p><strong><span role=\"gridcell\">Jose Carlos Puente<\/span><\/strong><\/p>\n<p>Con su perpetua sonrisa por delante y los ojos bien abiertos, se tomaba la vida como una monta\u00f1a: un desaf\u00edo, un esfuerzo, un gozo.<\/p>\n<div>Buen viaje.<\/div>\n<p>&nbsp;<\/p>\n<p>&nbsp;<\/p>\n<p><strong>Mari Cruz Otal<\/strong><\/p>\n<p>UN HASTA LUEGO &#x1f618;<br \/>\nPrimo,\u00a0 es raro que te est\u00e9 escribiendo estas palabras en lugar de estar acompa\u00f1ando a la familia en este triste momento. En mi mente me vienen todos los buenos momentos que pasamos en nuestra ni\u00f1ez.\u00a0 Te dejo que hagas tu \u00faltima traves\u00eda en paz.Tu prima Mari\u00a0 Cruz.<\/p>\n<p>&nbsp;<\/p>\n<p><strong>Patricia Urb\u00e1n Pascual (PT curso 18\/19)<\/strong><\/p>\n<p>Hola a todos, antes de nada\u00a0 quer\u00eda\u00a0transmitiros, como antigua compa\u00f1era, mi m\u00e1s sentido p\u00e9same ante esta triste noticia.<\/p>\n<div>Otal, Nunca olvidar\u00e9 esa sonrisa con la que iluminabas los pasillos, daba gusto encontrarse contigo, siempre de buen humor.<\/div>\n<div>Recib\u00edas con los brazos abiertos a todo el que aparec\u00eda en tu camino, y as\u00ed fue cuando yo como interina llegu\u00e9 aquel curso 18\/19 al I.E.S, nerviosa, con incertidumbre&#8230;, pero all\u00ed estabas t\u00fa, para recibirnos con esa calidez y alegr\u00eda que te caracterizaba.<\/div>\n<div>Y sorpresa la m\u00eda cuando en Navidad, en esa papeleta de amigo invisible aparec\u00eda tu nombre&#8230;, te fui llenando la taquilla de fotos de picos, ibones&#8230;, esa afici\u00f3n que nos un\u00eda. Llegado el d\u00eda, recibiste mi regalo, esa taza para llevar en la mochila de monta\u00f1a, junto con la respectiva carta an\u00f3nima, la cual al leer enseguida supiste que era yo!!!<\/div>\n<div><\/div>\n<div>Tenemos una nueva estrella en el cielo, seguramente\u00a0con un brillo inmenso, un brillo que desprender\u00e1\u00a0bondad y alegr\u00eda.<\/div>\n<div><\/div>\n<div>\n<p>Una persona humilde, bondadosa, culta, amigo de tus amigos, amante de la naturaleza, gran compa\u00f1ero&#8230;,\u00a0 Un honor trabajar contigo&#8221;.<\/p>\n<p>&nbsp;<\/p>\n<p><strong>\u00c1ngeles Magall\u00f3n Botaya<\/strong><\/p>\n<p>Todos los Labitolosanos estamos muy tristes. En las campa\u00f1as de excavaci\u00f3n en Labitolosa (La Puebla de Castro), fuiste un referente por tu compa\u00f1erismo, disposici\u00f3n y defensa de la naturaleza y nuestra historia. Muchos abrazos a la familia, amigos y compa\u00f1eros.<\/p>\n<p>&nbsp;<\/p>\n<p><strong>ANPE &#8211; HUESCA<\/strong><\/p>\n<p>Estimados\/as compa\u00f1eros\/as,<\/p>\n<p>En estos momentos de tristeza por la p\u00e9rdida de vuestro compa\u00f1ero y amigo Jos\u00e9 Antonio Otal, queremos daros nuestro m\u00e1s sentido p\u00e9same. Siempre es un gran pesar perder a alguien estimado y que se dedica a una de las profesiones m\u00e1s importantes del mundo. Seguro que en alg\u00fan momento hab\u00e9is buscado en \u00e9l ayuda, comprensi\u00f3n, consejo\u00a0 y diversi\u00f3n en los ratos de la sala de profesores o del Departamento. Esos momentos que hab\u00e9is tenido la fortuna de compartir con \u00e9l, siempre quedar\u00e1n.<\/p>\n<p>Mucho \u00e1nimo en estos duros momentos.<\/p>\n<p>En nombre de todo el equipo de ANPE Huesca un fuerte abrazo para todo el Claustro docente.<\/p>\n<p>&nbsp;<\/p>\n<p><strong>C\u00e9sar Ceresuela L\u00f3pez<\/strong><\/p>\n<p>Ye un d\u00eda triste. \u00a1Habr\u00e1 un d\u00eda en que todos al levantar la vista veremos una tierra que ponga libertad!.<\/p>\n<\/div>\n<p>&nbsp;<\/p>\n<p><strong>FeSP UGT Ense\u00f1anza \u2013 Huesca<\/strong><\/p>\n<p>Desde FeSP UGT Ense\u00f1anza queremos mostrar nuestras m\u00e1s sinceras condolencias por la p\u00e9rdida de vuestro compa\u00f1ero.<\/p>\n<p>Mucha fuerza y \u00e1nimo a todo el claustro.<\/p>\n<p>&nbsp;<\/p>\n<p><strong>Marta Rap\u00fan L\u00f3pez<\/strong><\/p>\n<p>Me encant\u00f3 retomar el contacto el a\u00f1o pasado. Te recordaba como un buen profesor, una buena persona, y me hizo mucha ilusi\u00f3n volver a coincidir. Muy triste. Muy triste de que nos quede pendiente el caf\u00e9 en tu jard\u00edn, con las preciosas vistas hacia el Pirineo. Un beso muy fuerte.<\/p>\n<p>&nbsp;<\/p>\n<p><strong>Luisa FERRER, Ascensi\u00f3n LAMARCA y Rosa LAFUENTE. Equipo Directivo CEIP San Juan de la Pe\u00f1a<\/strong><\/p>\n<p>En nombre de toda la Comunidad Educativa del CEIP San Juan de la Pe\u00f1a os queremos hacer llegar nuestro abrazo profundo y sentido.<\/p>\n<p>Jose Antonio estuvo varios cursos comiendo en nuestro comedor escolar junto a muchos de nosotros y no olvidamos su sonrisa permanente y su\u00a0 mirada cargada de bondad\u00a0 que siempre te hac\u00eda sentir bien en su compa\u00f1\u00eda.<\/p>\n<p>Su p\u00e9rdida supone un gran golpe para todos y de forma muy especial para el IES Domingo Miral que extra\u00f1ar\u00e1 su presencia y su profesionalidad. Que el recuerdo de su sonrisa serena os d\u00e9 fuerzas para mirar con positividad el futuro y sentir que el presente sigue siendo un gran regalo.<\/p>\n<p>&nbsp;<\/p>\n<p><strong>To\u00f1a Rubio<\/strong><\/p>\n<p>Vuela alto primo\u00a0 como t\u00fa has escalado tus monta\u00f1as.<\/p>\n<p>Tu familiaridad, compromiso por todo y con todos y sobre todo tu\u00a0 sonrisa, siempre estar\u00e1 con nosotros.<\/p>\n<\/div>\n<div dir=\"auto\">Siempre en nuestros corazones<\/div>\n<div dir=\"auto\">Tu Familia de\u00a0 Muel<\/div>\n<div dir=\"auto\"><\/div>\n<div dir=\"auto\">M.Antonia<\/div>\n<div dir=\"auto\"><img decoding=\"async\" src=\"https:\/\/mail.google.com\/mail\/e\/2764\" alt=\"&#x2764;\" data-goomoji=\"2764\" data-image-whitelisted=\"\" \/><img decoding=\"async\" src=\"https:\/\/mail.google.com\/mail\/e\/2764\" alt=\"&#x2764;\" data-goomoji=\"2764\" data-image-whitelisted=\"\" \/><\/div>\n<p>&nbsp;<\/p>\n<p>&nbsp;<\/p>\n<p><strong>Miguel Morte<\/strong><\/p>\n<p>Gran amigo. Siempre dispuesto, fiel y comprometido.<br \/>\nTe echar\u00e9 mucho de menos.<br \/>\nMuchos besos y muchas gracias por tantos a\u00f1os compartiendo afectos, ideas, vivencias&#8230;<\/p>\n<p><img decoding=\"async\" src=\"https:\/\/scontent-mad1-1.xx.fbcdn.net\/v\/t1.0-9\/183966_360448007378456_1090592710_n.jpg?_nc_cat=108&amp;ccb=2&amp;_nc_sid=cdbe9c&amp;_nc_ohc=3aWUmCO_yyUAX8UHObq&amp;_nc_ht=scontent-mad1-1.xx&amp;oh=598785079b4c48a3f46c2be8c05e4804&amp;oe=5FC8A617\" \/><\/p>\n<\/div>\n<p>&nbsp;<\/p>\n<p><strong>Marta Fernandez Rubio<\/strong><\/p>\n<p>Jose Antonio Fern\u00e1ndez Otal<\/p>\n<p>cuerpo de monta\u00f1ero, cabeza de historiador<br \/>\ncuerpo de historiador, cabeza de monta\u00f1ero<\/p>\n<p>\u00bfSe pueden tener \u00f3rganos tan vitales como el cerebro y el coraz\u00f3n tan bien cultivados?<\/p>\n<p>Vital eras y eres porque en las monta\u00f1as vas a continuar, pero no podremos o\u00edr tu voz, tu caracter\u00edstica forma de hablar con inter\u00e9s, curiosidad, inquieto, despistado&#8230; un personaje especial que hemos tenido la suerte de tener en la familia. La \u00faltima &#8220;reuni\u00f3n Fern\u00e1ndez&#8221; ya no se llev\u00f3 a cabo por responsabilidad social, pero inundabas nuestros m\u00f3viles de azules cielos y verdes paisajes, te vimos todos estos meses en tus paseos de fin de semana,\u00a0sonriendo SIEMPRE.<\/p>\n<p>Pensar en el primo Jose Antonio Fernandez era ver una sonrisa, tu esencia permanecer\u00e1 del mismo modo que la bonhom\u00eda de tu padre, que sigue presente, ambas caracter\u00edsticas se re\u00fanen y nos acompa\u00f1an en el agradable recuerdo.<\/p>\n<p>Fort\u00edsimo abrazo para M\u00aa Carmen, Alberto y Feli Otal, ese apellido que luc\u00eda orgulloso&#8230;<\/p>\n<p>&nbsp;<\/p>\n<p><strong>Gemma Latr\u00e1s Pardo<\/strong><\/p>\n<p>No nos conoc\u00edamos en persona pero s\u00ed sab\u00eda muchas cosas de t\u00ed a trav\u00e9s de mi hijo. Casi todos los d\u00edas, al salir del instituto, ten\u00eda una aventura de los viajes de Otal para contar.<\/p>\n<p>Dejaste huella en \u00e9l hasta el punto de ser la Geograf\u00eda su asignatura favorita.<\/p>\n<\/div>\n<div style=\"text-align: justify\">Supiste valorar muy generosamente su esfuerzo por aprender y como madre te lo agradezco de coraz\u00f3n.<\/div>\n<div style=\"text-align: justify\">Estoy segura que no dejar\u00e1s de cuidar de \u00e9l y de todos tus chicos desde lo alto de la monta\u00f1a en la que te encuentres.<\/div>\n<p>&nbsp;<\/p>\n<p>&nbsp;<\/p>\n<p style=\"text-align: justify\"><strong>Manuel Lacasa Gracia<\/strong><\/p>\n<p style=\"text-align: justify\">Hola.. ayer me enter\u00e9 del fallecimiento de Jos\u00e9 Antonio. Estoy<br \/>\nconsternado&#8230;Os transmito mis condolencias a todo el colectivo del IES Domingo Miral.<\/p>\n<p style=\"text-align: justify\">Estas monta\u00f1as guardar\u00e1n su recuerdo.<\/p>\n<div style=\"text-align: justify\">\n<p>&nbsp;<\/p>\n<p><strong>Miriam Mateo Ma\u00f1\u00e9, directora del CEIP Pedro de Barbastro<\/strong><\/p>\n<p>Compa\u00f1eros y compa\u00f1eras<\/p>\n<p>Desde el profesorado y comunidad educativa del Pedro I de Barbastro os transmitimos nuestro m\u00e1s sentido p\u00e9same hacia la p\u00e9rdida que hab\u00e9is sufrido<\/p>\n<p>Un abrazo con todo nuestro cari\u00f1o<\/p>\n<p>&nbsp;<\/p>\n<p><strong>Miguel y Pili<\/strong><\/p>\n<p>Ayer fue un d\u00eda todav\u00eda m\u00e1s aciago de este 2020.<\/p>\n<p>Desde que hemos sabido la noticia, no hemos parado de recordar momentos y situaciones que compartimos contigo y nos ha sido imposible encontrar uno solo en que lo hubi\u00e9ramos pasado ya no mal, sino simplemente regular.<\/p>\n<\/div>\n<div style=\"text-align: justify\">Tu sonrisa, que ahora ya es eterna, nos contagiaba a todos de tu optimismo y de esa manera tan tuya de disfrutar de todo lo que hac\u00edamos, ya fuera subiendo un 3000, tomando unas ca\u00f1as en un bar, persiguiendo reba\u00f1os de ovejas para tu tesis, viendo una de esas sesiones de diapositivas de tus viajes o ense\u00f1\u00e1ndonos entusiasmado el ultimo &#8220;tocho&#8221; de libro que te hab\u00edas comprado.<\/div>\n<div style=\"text-align: justify\">Ese car\u00e1cter y manera de ser por el que tus amigos te pusimos el sobrenombre, que no apodo, por el que cari\u00f1osamente te llam\u00e1bamos en petit comite y que no dejaba lugar a dudas acerca de qui\u00e9n est\u00e1bamos hablando.<\/div>\n<div style=\"text-align: justify\">Te querremos siempre <strong><em>&#8220;Happy&#8221;<\/em><\/strong><\/div>\n<div><\/div>\n<div style=\"text-align: justify\"><\/div>\n<div style=\"text-align: justify\"><img decoding=\"async\" src=\"https:\/\/scontent-mad1-1.xx.fbcdn.net\/v\/t1.0-9\/29497500_108206840023512_3311847778707046400_o.jpg?_nc_cat=102&amp;ccb=2&amp;_nc_sid=09cbfe&amp;_nc_ohc=b3y2XhsK1HoAX-2tM4w&amp;_nc_ht=scontent-mad1-1.xx&amp;oh=35392c559abda60376d932795e30fa65&amp;oe=5FC9552D\" \/><\/div>\n<p>&nbsp;<\/p>\n<p>&nbsp;<\/p>\n<p style=\"text-align: justify\"><strong>Encarnaci\u00f3n &#8211; Familia Sierra Arroyo<\/strong><\/p>\n<p style=\"text-align: justify\"><em>Somos<\/em><br \/>\n<em>Igual que nuestra tierra<\/em><br \/>\n<em>Suaves como la arcilla<\/em><br \/>\n<em>Duros del roquedal.<\/em><br \/>\n<em>Hemos<\/em><br \/>\n<em>Atravesado el tiempo<\/em><br \/>\n<em>Dejando en los secanos<\/em><br \/>\n<em>Nuestra lucha total.<\/em><\/p>\n<p style=\"text-align: justify\">Para m\u00ed est\u00e1 parte de la canci\u00f3n representaba a Otal, era amable pero con car\u00e1cter.<br \/>\n\u00c9l s\u00ed que ha atravesado el tiempo como historiador de esta tierra que tanto amaba. Y siempre luchando por lo que cree.<\/p>\n<p style=\"text-align: justify\">Mi sincero p\u00e9same a su familia, amigos y\u00a0 compa\u00f1eros. DEP<br \/>\n\u00c9l ya ha hecho historia.<\/p>\n<p>&nbsp;<\/p>\n<p style=\"text-align: justify\"><strong>Guillermo Garc\u00e9s<\/strong><\/p>\n<p style=\"text-align: justify\">Sentimos la p\u00e9rdida. Descanse en Paz<\/p>\n<p>&nbsp;<\/p>\n<p style=\"text-align: justify\"><strong>Familia Vivas Medrano<\/strong><\/p>\n<p style=\"text-align: justify\">Todav\u00eda no puedo creerlo. Lamento profundamente la muerte de Otal. Hay gente que sin apenas conocerla, sabes que son buena gente solo con mirarle a la cara y Otal era una de esas personas. Esa sonrisa t\u00edmida era maravillosa. Espero que seas feliz all\u00ed donde vayas. Muchos muchos alumnos y todos tus compa\u00f1eros\u00a0 te van a echar tanto de menos&#8230;<br \/>\nAdelante Otal, el cielo es tuyo.<br \/>\nErika Medrano , Jos\u00e9 Luis Vivas, Erika Vivas y Miguel Vivas<\/p>\n<p style=\"text-align: justify\"><img decoding=\"async\" src=\"https:\/\/mail.google.com\/mail\/e\/2764\" alt=\"&#x2764;\" data-goomoji=\"2764\" data-image-whitelisted=\"\" \/>&#xfe0f;<img decoding=\"async\" src=\"https:\/\/mail.google.com\/mail\/e\/2764\" alt=\"&#x2764;\" data-goomoji=\"2764\" data-image-whitelisted=\"\" \/>&#xfe0f;<img decoding=\"async\" src=\"https:\/\/mail.google.com\/mail\/e\/2764\" alt=\"&#x2764;\" data-goomoji=\"2764\" data-image-whitelisted=\"\" \/>&#xfe0f;<img decoding=\"async\" src=\"https:\/\/mail.google.com\/mail\/e\/2764\" alt=\"&#x2764;\" data-goomoji=\"2764\" data-image-whitelisted=\"\" \/>&#xfe0f;<\/p>\n<p>&nbsp;<\/p>\n<p style=\"text-align: justify\"><strong>Pilar Hijano &#8211; CPR Sabi\u00f1\u00e1nigo<\/strong><\/p>\n<p style=\"text-align: justify\">Desolados por el fallecimiento del compa\u00f1ero Jos\u00e9 Antonio, el equipo del Centro de Profesorado de Sabi\u00f1\u00e1nigo compartimos vuestro dolor y enviamos un fuerte abrazo al claustro.<br \/>\nMucho \u00e1nimo en estos momentos tan dif\u00edciles y un gran abrazo de parte de todo nuestro equipo.<\/p>\n<p>&nbsp;<\/p>\n<p style=\"text-align: justify\"><strong>Charo Fern\u00e1ndez<\/strong><\/p>\n<p style=\"text-align: justify\">Siempre con una sonrisa, pensando en sus monta\u00f1as y sus aventuras. As\u00ed recuerdo a Otal. Preocupado por el mundo que nos rodea y del que tanto disfrutaba. Aportando su granito de arena de manera entusiasta y transmitiendo a nuestros estudiantes esta preocupaci\u00f3n.<br \/>\nNo recuerdo de \u00e9l ni una mala palabra, ni gesto. Siempre recordar\u00e9 sus &#8221; qu\u00e9 tal, c\u00f3mo est\u00e1s?&#8221; que me invitaban a una charla tranquila en mis d\u00edas de m\u00e1s caos.<br \/>\nHasta siempre Jos\u00e9 Antonio.<\/p>\n<p>&nbsp;<\/p>\n<p style=\"text-align: justify\"><strong>Javier casta\u00f1o<\/strong><\/p>\n<p style=\"text-align: justify\">Hola, soy Javier Casta\u00f1o,\u00a0 no soy alumno ni docente,\u00a0 soy familia pol\u00edtica de Jos\u00e9 Antonio (m\u00ed compa\u00f1era Reyes es prima hermana de Jos\u00e9 Antonio).<br \/>\nSolo os puedo y quiero decir que se ha ido una persona buena, en el m\u00e1s hondo sentido de la palabra.<br \/>\nUn fuerte y sentido abrazo, cargado de besos para su madre Feli, hermana Mari Carmen y cu\u00f1ado Alberto.<br \/>\nSe os quiere&#8230;<\/p>\n<p>&nbsp;<\/p>\n<p style=\"text-align: justify\"><strong>Melchor Ungr\u00eda<\/strong><\/p>\n<p style=\"text-align: justify\">Hasta siempre amigo, hay personas imprescindibles y no es justo que te vayas, te recordaremos siempre<\/p>\n<p>&nbsp;<\/p>\n<p style=\"text-align: justify\"><strong>Claudia Montori<\/strong><\/p>\n<p style=\"text-align: justify\">Fuiste parte de mi vida, de mi adolescencia, de mis momentos m\u00e1s felices en el Instituto&#8230; has dejado una gran tristeza en el coraz\u00f3n de todos tus alumnos&#8230; y eso solo es capaz de hacerlo gente con buen coraz\u00f3n como el tuyo\u00a0<img decoding=\"async\" src=\"https:\/\/mail.google.com\/mail\/e\/2764\" alt=\"&#x2764;\" data-goomoji=\"2764\" data-image-whitelisted=\"\" \/>&#xfe0f;\u00a0 Sigue ense\u00f1\u00e1ndonos all\u00e1 d\u00f3nde est\u00e9s&#8230;<\/p>\n<p>&nbsp;<\/p>\n<p style=\"text-align: justify\"><strong>Juanjo Puyuelo Ram\u00f3n<\/strong><\/p>\n<p style=\"text-align: justify\">Hola soy Juanjo Puyuelo, de 2\u00b0 de bachillerato y alumno de\u00a0 Otal, quer\u00eda dar mis condolencias a la familia y seres cercanos de este, y as\u00ed mismo poder expresarle mi gratitud, por su amabilidad respeto y buena voluntad con la que hac\u00eda las cosas y a su vez\u00a0 todas las conversaciones que pudimos llegar a tener y de igual manera consejos que me ha llegado a dar. Espero puedas ser feliz donde estes, gracias por todo.<br \/>\n\u00a1Descansa en paz!<br \/>\nHasta siempre Otal.<\/p>\n<p>&nbsp;<\/p>\n<p style=\"text-align: justify\"><strong>Lorien Casajus Vicente<\/strong><\/p>\n<p style=\"text-align: justify\">Buenas noches. Soy Lori Casaj\u00fas. Alumno de 2\u00baBACH.<br \/>\nEsta noticia nos ha hecho polvo.<br \/>\nOtal, \u00bfqu\u00e9 os voy a contar?, era una gran persona. Siempre ten\u00eda una sonrisa en la cara que regalarnos. Tuviera un buen o un mal d\u00eda. Siempre sonriente. Siempre de buen humor y con ganas de transmitir toda esa sabidur\u00eda que le caracterizaba.<\/p>\n<p style=\"text-align: justify\">Hoy, lamentablemente, nos ha dejado. Mucho \u00e1nimo a familiares y amigos.<\/p>\n<p style=\"text-align: justify\">Solo muere quien es olvidado y t\u00fa, Otal, siempre estar\u00e1s con nosotros<\/p>\n<p>&nbsp;<\/p>\n<p style=\"text-align: justify\"><strong>Asun Le\u00f3n Go\u00f1i<\/strong><\/p>\n<p style=\"text-align: justify\">Gran persona y gran profesor.<br \/>\nNunca olvidaremos el brillo de sus ojos y la verdad de sus palabras<\/p>\n<p>&nbsp;<\/p>\n<p style=\"text-align: justify\"><strong>Felix Marcuello Pablo<\/strong><\/p>\n<p style=\"text-align: justify\">\u00a1No puedo creer esta noticia tan triste! Mi querido amigo, compa\u00f1ero de trabajo y de peleas. Quedo para siempre en deuda contigo, Jos\u00e9 Antonio.\u00a0 Ya no podremos pagarte toda la generosidad, sabidur\u00eda y alegr\u00eda que siempre prodigaste.<\/p>\n<div dir=\"auto\" style=\"text-align: justify\">\n<p>Que la tierra te sea leve, amigo, compa\u00f1ero, hermano.<\/p>\n<p>&nbsp;<\/p>\n<p><strong>Iker Gonz\u00e1lez L\u00f3pez<\/strong><\/p>\n<p>A ti Otal. De aqu\u00ed a la eternidad<\/p>\n<div>\n<div>Desde los pasillos del instituto a las cimas de Nepal. Desde los principios de la historia hasta el presente. Acompa\u00f1\u00e1ndonos\u00a0y compartiendo tus aficiones. Record\u00e1ndonos\u00a0la importancia de viajar, de ver, de descubrir. Me gustar\u00eda haber podido compartir m\u00e1s historias de nuestros viajes y aprendizajes. De curiosidades\u00a0y puntos de opini\u00f3n, de vivencias.<\/div>\n<div><\/div>\n<div>No olvido tus consejos, seguir\u00e9 viajando, aprendiendo, nutri\u00e9ndome de cultura y de experiencias. No olvido tus lecciones, desde los primeros pasos del hombre hasta la edad moderna. Desde los lagos, r\u00edos y oc\u00e9anos hasta las m\u00e1s altas cumbres.<\/div>\n<div><\/div>\n<div>Espero poder volver a verte, cuando en la cima de alguna bella monta\u00f1a, junto al viento y los elementos, contemple el horizonte lejano, incierto, rasgado.\u00a0Reflexionando, meditando, sintiendo. Recordando.<\/div>\n<div><\/div>\n<div>Formando parte de esta nuestra historia, la de todos nosotros.<\/div>\n<\/div>\n<div><\/div>\n<div>Te echar\u00e9 de menos Otal.<\/div>\n<div>Esa es la verdad.<\/div>\n<div>Te tendr\u00e9 en mis recuerdos<\/div>\n<div>de aqu\u00ed a la eternidad.<\/div>\n<p>&nbsp;<\/p>\n<div>\n<dl id=\"attachment_3408\">\n<dt>\n<p><figure style=\"width: 604px\" class=\"wp-caption alignnone\"><img data-recalc-dims=\"1\" loading=\"lazy\" decoding=\"async\" src=\"https:\/\/i0.wp.com\/wp.catedu.es\/ochoben\/wp-content\/uploads\/sites\/5\/2020\/11\/SUIZA-2009.jpg?resize=474%2C356\" alt=\"\" width=\"474\" height=\"356\" \/><figcaption class=\"wp-caption-text\">Alpes Suizos 2009<\/figcaption><\/figure><\/dt>\n<dd><\/dd>\n<\/dl>\n<\/div>\n<p>&nbsp;<\/p>\n<p><strong>Pili Rufas<\/strong><\/p>\n<p>Mi m\u00e1s sentido p\u00e9same y el de H\u00e9ctor, que se ha quedado impresionado. Que descanse en paz, y adem\u00e1s con lo joven que era y me consta que sus alumnos lo quer\u00edan. Muy fuerte, de verdad. Acompa\u00f1o en el sentimiento a su familia, y a vosotros\/as, y a todos los &#8220;profes&#8221; compa\u00f1eros, que ya s\u00e9 que estar\u00e9is desesperados. MUCHO \u00c1NIMO!!!<\/p>\n<p>&nbsp;<\/p>\n<p><strong><span role=\"gridcell\">Cinthia Medina<\/span><\/strong><\/p>\n<p>Una pena verdadera que te hayas ido. El p\u00e9same a tu familia.<\/p>\n<div dir=\"auto\"><\/div>\n<p>&nbsp;<\/p>\n<p><strong>Noem\u00ed<\/strong><\/p>\n<p>Me entristece profundamente tu p\u00e9rdida, pero siempre recordar\u00e9 tu amabilidad y sonrisa .<\/p>\n<div dir=\"auto\">Que tu alma descanse en paz Otal<\/div>\n<p>&nbsp;<\/p>\n<p>&nbsp;<\/p>\n<p><strong>Igor Ollaquindia Carrera<\/strong><\/p>\n<p>Hoy es un d\u00eda triste, ya que hemos perdido no s\u00f3lo a un profesor sino a un amigo, una persona que desbordaba conocimiento y bondad por igual.<\/p>\n<div dir=\"auto\">Durante todo este tiempo nos ha ense\u00f1ado muchas cosas, pero a\u00fan ten\u00edamos mucho m\u00e1s que aprender de \u00e9l.<\/div>\n<div dir=\"auto\">Hasta el final hizo una de las cosas que m\u00e1s le gustan y de lo que m\u00e1s disfruta, ense\u00f1ar. No podremos aprender m\u00e1s de \u00e9l pero si recordar su lecci\u00f3n m\u00e1s importante, que no son las an\u00e9cdotas hist\u00f3ricas que nos contaba entusiasmado, ni la multitud de fechas que recordaba. Sino a ser honestos y\u00a0 fieles a nosotros mismos y con los dem\u00e1s. Disfrutar la vida a partir del aprendizaje. Esto creo que es su legado y lo que permanecer\u00e1 durante los a\u00f1os con nosotros.<\/div>\n<p>&nbsp;<\/p>\n<p>&nbsp;<\/p>\n<p><strong>Mar\u00eda Encabo<\/strong><\/p>\n<p>A mi primo y compa\u00f1ero<\/p>\n<p>Sigo sin cre\u00e9rmelo, no s\u00e9 c\u00f3mo la vida puede arrebatarnos un ser querido as\u00ed. Primo y compa\u00f1ero, que tantas sobremesas nos has deleitado con tu sabidur\u00eda y tus experiencias. Has exprimido la vida con lo que te hac\u00eda feliz, has luchado por ello&#8230; me entristece que ya no puedas hacerlo un poquito m\u00e1s. Estar\u00e1s siempre en mi coraz\u00f3n.<\/p>\n<p>&nbsp;<\/p>\n<p><strong>Enrique Romera<\/strong><\/p>\n<p>No s\u00e9 qu\u00e9 decir, yo&#8230; Me cuesta un mont\u00f3n no entiendo el porqu\u00e9 se ha tenido que ir de esta forma, no se lo merec\u00eda; eras una persona agradable, comprensiva y muchas m\u00e1s cosas. Y espero que no se nos olvide a los alumnos que nos diste clase, como eras y tu afici\u00f3n a coleccionar libros.<\/p>\n<p>Siempre te recordare Otal.<\/p>\n<p>&nbsp;<\/p>\n<p><strong>Alicia Gald\u00f3n<\/strong><\/p>\n<p>Simplemente gracias por regalarnos tu sonrisa y amabilidad todos los d\u00edas.<\/p>\n<div dir=\"auto\">Solamente muere quien es olvidado y a ti siempre te recordaremos Otal<img decoding=\"async\" src=\"https:\/\/mail.google.com\/mail\/e\/2764\" alt=\"&#x2764;\" data-goomoji=\"2764\" data-image-whitelisted=\"\" \/>&#xfe0f;<\/div>\n<div dir=\"auto\">Descansa en Paz.<\/div>\n<div dir=\"auto\"><\/div>\n<p>&nbsp;<\/p>\n<p>&nbsp;<\/p>\n<p><strong><span role=\"gridcell\">Luis Majarena<\/span><\/strong><\/p>\n<p>Fui amigo suyo desde los 17 a\u00f1os. Juntos fuimos de casa a la facultad cuatro veces diarias durante los cinco a\u00f1os de carrera y dos de cursos de doctorado. Compartimos ilusiones, proyectos, frustraciones, anhelos&#8230; Desde que nos separamos f\u00edsicamente me mandaba fotos y mensajes casi todos los d\u00edas, y hace 15 que nos vimos en Jaca, coment\u00e1ndonos sus ilusiones y proyectos. Un duro golpe para m\u00ed. Maldita Parca, injusta, la maldecir\u00e9 llorando por mi amigo y record\u00e1ndole para siempre en venganza de Tanatos. Te hago sitio compa\u00f1ero, amigo.<\/p>\n<p>&nbsp;<\/p>\n<p><strong>Alejandro Rivas<\/strong><\/p>\n<p>Otal, soy Alejandro. Di muchas clases contigo y quiero que sepas que eras uno de lo mejores profesores del centro, solo s\u00e9 que te recordaremos siempre y que estar\u00e1s en nuestro coraz\u00f3n, muchas risas contigo y muchos momentos en los que compartimos sucesos que vivimos y que disfrutaremos mientras sigas en nuestras mentes. No te preocupes, que vas a estar bien donde te encuentres ahora mismo.<\/p>\n<p>Siempre te recordaremos<\/p>\n<div dir=\"auto\">Besos Alejandro<\/div>\n<\/div>\n<div dir=\"auto\">\n<p>&nbsp;<\/p>\n<p>&nbsp;<\/p>\n<p style=\"text-align: justify\"><strong><span role=\"gridcell\">Paula Lacasta<\/span><\/strong><\/p>\n<p style=\"text-align: justify\">Gracias por todo Otal. Vamos a echarte mucho en falta y te vamos a recordar con esa felicidad que te caracterizaba y que siempre nos transmit\u00edas. Descansa en paz.<\/p>\n<p style=\"text-align: justify\"><img data-recalc-dims=\"1\" loading=\"lazy\" decoding=\"async\" src=\"https:\/\/i0.wp.com\/wp.catedu.es\/ochoben\/wp-content\/uploads\/sites\/5\/2020\/11\/llegar-feliz-al-aula.jpg?resize=474%2C515\" alt=\"\" width=\"474\" height=\"515\" \/><\/p>\n<p>&nbsp;<\/p>\n<p style=\"text-align: justify\"><strong>Joan Casajus<\/strong><\/p>\n<div style=\"text-align: justify\">Hola, soy Joan, alumno de 2\u00ba Bachillerato.<\/div>\n<div style=\"text-align: justify\">Quer\u00eda dar el p\u00e9same a la familia de Jos\u00e9 Antonio Otal y tambi\u00e9n agradecerle al mismo su honestidad, cari\u00f1o, amabilidad y sensibilidad con la que se ha dirigido hacia mi persona desde que tuve la suerte de conocerle. All\u00e1 donde est\u00e9s, gracias por mostrarme tu sonrisa y otorgarme tu cari\u00f1o.<\/div>\n<div style=\"text-align: justify\">Descansa en paz!<\/div>\n<div style=\"text-align: justify\">Hasta siempre, Otal!<\/div>\n<div style=\"text-align: justify\"><\/div>\n<div style=\"text-align: justify\"><\/div>\n<div style=\"text-align: justify\"><\/div>\n<p style=\"text-align: justify\"><strong>Sof\u00eda Sanclemente<\/strong><\/p>\n<p style=\"text-align: justify\">Hasta siempre\u00a0<img decoding=\"async\" src=\"https:\/\/mail.google.com\/mail\/e\/1f494\" alt=\"&#x1f494;\" data-goomoji=\"1f494\" data-image-whitelisted=\"\" \/><\/p>\n<p>&nbsp;<\/p>\n<p style=\"text-align: justify\"><strong>Yolanda Ram\u00f3n Ip\u00e1s<\/strong><\/p>\n<p style=\"text-align: justify\">Qu\u00e9 tristeza tan grande, qui\u00e9n iba a pensar cuando me dijiste que te encontrabas mal&#8230; Cu\u00e1nto siento no haber tomado ese caf\u00e9 para charlar de Guirandana de Lay y de tantas cosas que pretend\u00eda que me contar\u00e1s de aquellas \u00e9pocas. Qu\u00e9 pena haberte conocido tan poco tiempo y no haberlo aprovechado mejor. Qu\u00e9 suerte que queden tus trabajos y parte de tus conocimientos para la posteridad, pero qu\u00e9 l\u00e1stima que se pierda todo lo dem\u00e1s. Cu\u00e1nto me alegro de que disfrutaras tanto de la vida, de tus viajes, de la monta\u00f1a, de todo lo que hac\u00edas y que con tanta alegr\u00eda transmit\u00edas. Me quedo con eso, con tu pasi\u00f3n por la vida y el conocimiento, con tu sonrisa siempre presente pero tambi\u00e9n con la pena de no volver a verte y de no haberte conocido un poco m\u00e1s.<\/p>\n<\/div>\n","protected":false},"excerpt":{"rendered":"<p>Rub\u00e9n Cig\u00fcela \u00cd\u00f1igo Es natural sentir un hondo pesar por la p\u00e9rdida de alguien tan querido, tan estimado, tan positivo y amigable, tan inquieto, tan activo&#8230; El hecho de que nos haya dejado en un momento dulce de su vida hace que la situaci\u00f3n sea m\u00e1s tr\u00e1gica, si cabe. Pero son precisamente ese cari\u00f1o, estima, &hellip; <a href=\"https:\/\/wp.catedu.es\/ochoben\/palabras-de-despedida-para-otal\/\" class=\"more-link\">Seguir leyendo <span class=\"screen-reader-text\">Palabras de despedida para Otal, nuestro querido &#8220;Happy&#8221;<\/span> <span class=\"meta-nav\">&rarr;<\/span><\/a><\/p>\n","protected":false},"author":7,"featured_media":3400,"comment_status":"open","ping_status":"closed","sticky":false,"template":"","format":"standard","meta":{"_jetpack_newsletter_access":"","_jetpack_dont_email_post_to_subs":false,"_jetpack_newsletter_tier_id":0,"_jetpack_memberships_contains_paywalled_content":false,"_jetpack_memberships_contains_paid_content":false,"footnotes":""},"categories":[8],"tags":[],"class_list":["post-3399","post","type-post","status-publish","format-standard","has-post-thumbnail","hentry","category-de-lunes-a-viernes"],"jetpack_featured_media_url":"https:\/\/i0.wp.com\/wp.catedu.es\/ochoben\/wp-content\/uploads\/sites\/5\/2020\/11\/valle-de-otal-1.jpg?fit=980%2C250&ssl=1","jetpack_sharing_enabled":true,"jetpack_shortlink":"https:\/\/wp.me\/p5Lz4C-SP","_links":{"self":[{"href":"https:\/\/wp.catedu.es\/ochoben\/wp-json\/wp\/v2\/posts\/3399","targetHints":{"allow":["GET"]}}],"collection":[{"href":"https:\/\/wp.catedu.es\/ochoben\/wp-json\/wp\/v2\/posts"}],"about":[{"href":"https:\/\/wp.catedu.es\/ochoben\/wp-json\/wp\/v2\/types\/post"}],"author":[{"embeddable":true,"href":"https:\/\/wp.catedu.es\/ochoben\/wp-json\/wp\/v2\/users\/7"}],"replies":[{"embeddable":true,"href":"https:\/\/wp.catedu.es\/ochoben\/wp-json\/wp\/v2\/comments?post=3399"}],"version-history":[{"count":85,"href":"https:\/\/wp.catedu.es\/ochoben\/wp-json\/wp\/v2\/posts\/3399\/revisions"}],"predecessor-version":[{"id":3492,"href":"https:\/\/wp.catedu.es\/ochoben\/wp-json\/wp\/v2\/posts\/3399\/revisions\/3492"}],"wp:featuredmedia":[{"embeddable":true,"href":"https:\/\/wp.catedu.es\/ochoben\/wp-json\/wp\/v2\/media\/3400"}],"wp:attachment":[{"href":"https:\/\/wp.catedu.es\/ochoben\/wp-json\/wp\/v2\/media?parent=3399"}],"wp:term":[{"taxonomy":"category","embeddable":true,"href":"https:\/\/wp.catedu.es\/ochoben\/wp-json\/wp\/v2\/categories?post=3399"},{"taxonomy":"post_tag","embeddable":true,"href":"https:\/\/wp.catedu.es\/ochoben\/wp-json\/wp\/v2\/tags?post=3399"}],"curies":[{"name":"wp","href":"https:\/\/api.w.org\/{rel}","templated":true}]}}