{"id":691,"date":"2015-03-15T18:30:37","date_gmt":"2015-03-15T17:30:37","guid":{"rendered":"http:\/\/wp.catedu.es\/ochoben\/?p=691"},"modified":"2015-03-17T20:17:47","modified_gmt":"2015-03-17T19:17:47","slug":"microrrelatos-ii","status":"publish","type":"post","link":"https:\/\/wp.catedu.es\/ochoben\/microrrelatos-ii\/","title":{"rendered":"Microrrelatos II"},"content":{"rendered":"<p><strong>Fe, esperanza y caridad &#8211;\u00a0<a href=\"http:\/\/elcastellano.elnortedecastilla.es\/autores\/gonzalez-egido-luciano\" target=\"_blank\">Luciano G. Egido<\/a><\/strong><\/p>\n<p><em><img loading=\"lazy\" decoding=\"async\" class=\" alignleft\" src=\"http:\/\/upload.wikimedia.org\/wikipedia\/commons\/thumb\/2\/25\/Ignacy_Posadzy.jpg\/220px-Ignacy_Posadzy.jpg\" alt=\"\" width=\"220\" height=\"326\" \/>Antes de trasladarlo a un pueblo de la provincia de Zamora, don Manuel Bueno, nuestro cura p\u00e1rroco, no cre\u00eda en Dios; pero les hac\u00eda creer a sus feligreses que cre\u00eda para no desesperarlos m\u00e1s de lo que estaban. Sus feligreses tampoco cre\u00edan; pero le hac\u00edan ver que cre\u00edan para que \u00e9l creyera que lo necesitaban.<\/em><\/p>\n<p>&nbsp;<\/p>\n<p>(55 palabras)<!--more--><\/p>\n<p><img data-recalc-dims=\"1\" loading=\"lazy\" decoding=\"async\" class=\"aligncenter size-large wp-image-692\" src=\"https:\/\/i0.wp.com\/wp.catedu.es\/ochoben\/wp-content\/uploads\/sites\/5\/2015\/03\/Casa-de-mu%C3%B1ecas.jpg?resize=474%2C774\" alt=\"Casa-de-mu\u00f1ecas\" width=\"474\" height=\"774\" srcset=\"https:\/\/i0.wp.com\/wp.catedu.es\/ochoben\/wp-content\/uploads\/sites\/5\/2015\/03\/Casa-de-mu%C3%B1ecas.jpg?resize=627%2C1024&amp;ssl=1 627w, https:\/\/i0.wp.com\/wp.catedu.es\/ochoben\/wp-content\/uploads\/sites\/5\/2015\/03\/Casa-de-mu%C3%B1ecas.jpg?resize=184%2C300&amp;ssl=1 184w, https:\/\/i0.wp.com\/wp.catedu.es\/ochoben\/wp-content\/uploads\/sites\/5\/2015\/03\/Casa-de-mu%C3%B1ecas.jpg?w=872&amp;ssl=1 872w\" sizes=\"auto, (max-width: 474px) 100vw, 474px\" \/><\/p>\n<p><strong>La traidora &#8211;\u00a0<a href=\"http:\/\/elsindromechejov.blogspot.com.es\/2008\/07\/patricia-esteban-erls-concibo-el.html\" target=\"_blank\">Patricia Esteban Erl\u00e9s<\/a><\/strong> (hace unos a\u00f1os disfrutamos del lujo de tenerla de profesora de Lengua y Literatura en nuestro instituto)<\/p>\n<p><em>Cuando por fin junt\u00e9 el valor para despedirme le cont\u00e9 a mi mu\u00f1eca que nos quedaban pocas tardes de juego. Por primera vez desde que la conoc\u00eda guard\u00f3 silencio. Esper\u00e9 un tiempo prudencial. No reaccion\u00f3 y entonces le susurr\u00e9 muy tr\u00e1gica que hab\u00eda escuchado al doctor decirles a mis padres que me estaba muriendo de tuberculosis. Tuberculosis, silabe\u00e9. Me quedar\u00e9 muy flaca y escupir\u00e9 sangre en el pa\u00f1uelo sin parar. Ni siquiera cumplir\u00e9 once a\u00f1os. La mu\u00f1eca asinti\u00f3, negligente, y volvi\u00f3 los ojos helados hacia algo que estaba situado a mi espalda, quiz\u00e1s en direcci\u00f3n a la estanter\u00eda de mi hermana peque\u00f1a. Aquella misma noche, mientras me acostaba, le confes\u00e9 a mi madre con una extra\u00f1a voz de adulta que hab\u00eda decidido con cu\u00e1l de mis juguetes quer\u00eda ser amortajada.<\/em><\/p>\n<p>(130 palabras)<\/p>\n<p><strong>Apariencia &#8211;\u00a0<a href=\"http:\/\/doblelectura1988.blogspot.com.es\/2015\/02\/critica-de-coleccionable-de-tragedias.html\" target=\"_blank\">Liss Evermore<\/a><\/strong><\/p>\n<p><em>No te f\u00edes de nadie, hijo, millones de humanos viven entre nosotros con aspecto alien\u00edgena.<\/em><\/p>\n<p>(15 palabras)<\/p>\n<p><a href=\"https:\/\/i0.wp.com\/wp.catedu.es\/ochoben\/wp-content\/uploads\/sites\/5\/2015\/03\/Miniature-Books.jpg\"><img data-recalc-dims=\"1\" loading=\"lazy\" decoding=\"async\" class=\"aligncenter size-full wp-image-694\" src=\"https:\/\/i0.wp.com\/wp.catedu.es\/ochoben\/wp-content\/uploads\/sites\/5\/2015\/03\/Miniature-Books.jpg?resize=474%2C362\" alt=\"Miniature-Books\" width=\"474\" height=\"362\" srcset=\"https:\/\/i0.wp.com\/wp.catedu.es\/ochoben\/wp-content\/uploads\/sites\/5\/2015\/03\/Miniature-Books.jpg?w=534&amp;ssl=1 534w, https:\/\/i0.wp.com\/wp.catedu.es\/ochoben\/wp-content\/uploads\/sites\/5\/2015\/03\/Miniature-Books.jpg?resize=300%2C229&amp;ssl=1 300w\" sizes=\"auto, (max-width: 474px) 100vw, 474px\" \/><\/a><\/p>\n<p><strong>Contactos #2 &#8211; <a href=\"http:\/\/www.fundacionaquae.org\/concurso-de-microrrelatos-fundacion-aquae\/contactos-2\" target=\"_blank\">Liss<\/a><\/strong><\/p>\n<p><em>Se busca joven con buen cerebro para trabajos de intercambio.\u00a0<\/em><em>Acudir a laboratorio en Reigelberg.<\/em><\/p>\n<p><em>Dr. Frankenstein<\/em><\/p>\n<p>(17 palabras)<\/p>\n<p><strong>Newton de golpe &#8211;\u00a0<a href=\"http:\/\/angelsilvelo.blogspot.com.es\/2015\/01\/vicente-perez-masedo-antartida-suenos.html\" target=\"_blank\">Vicente P\u00e9rez Masedo<\/a><\/strong><\/p>\n<p><em>Se burlaba de los descubrimientos cient\u00edficos. Cuando se cay\u00f3 por la ventana, de la ley de la gravedad no tanto.<\/em><\/p>\n<p>(20 palabras)<\/p>\n<p><strong>Redes &#8211;\u00a0<a href=\"http:\/\/www.microrevista.com\/entrevista-a-juan-gracia-armendariz\/\" target=\"_blank\">Juan Gracia Armend\u00e1riz<\/a><\/strong><\/p>\n<p><em><img data-recalc-dims=\"1\" loading=\"lazy\" decoding=\"async\" class=\"aligncenter wp-image-693 size-full\" src=\"https:\/\/i0.wp.com\/wp.catedu.es\/ochoben\/wp-content\/uploads\/sites\/5\/2015\/03\/panteon-angeles.jpg?resize=474%2C707\" alt=\"SONY DSC\" width=\"474\" height=\"707\" srcset=\"https:\/\/i0.wp.com\/wp.catedu.es\/ochoben\/wp-content\/uploads\/sites\/5\/2015\/03\/panteon-angeles.jpg?w=536&amp;ssl=1 536w, https:\/\/i0.wp.com\/wp.catedu.es\/ochoben\/wp-content\/uploads\/sites\/5\/2015\/03\/panteon-angeles.jpg?resize=201%2C300&amp;ssl=1 201w\" sizes=\"auto, (max-width: 474px) 100vw, 474px\" \/>Una noche so\u00f1\u00e9 que pap\u00e1 me escrib\u00eda un SMS. Dec\u00eda: \u201cLuis, toy solo&#8230;xq no venes a vrme?\u201d. Esto no tendr\u00eda nada de particular si no fuera porque pap\u00e1 muri\u00f3 hace m\u00e1s de cuatro a\u00f1os. Adem\u00e1s, pap\u00e1 odiaba la tecnolog\u00eda, jam\u00e1s puls\u00f3 un teclado que no fuera el de su piano; despreciaba los tel\u00e9fonos de bolsillo. Por otro lado, s\u00f3lo fue un sue\u00f1o, pero el hecho es que al d\u00eda siguiente me levant\u00e9 con una rara impresi\u00f3n de urgencia.<\/em><\/p>\n<p><em>Al llegar a la oficina, encend\u00ed el ordenador y busqu\u00e9 en Internet una florer\u00eda. Llam\u00e9 por tel\u00e9fono y encargu\u00e9 un ramo de flores. Di la direcci\u00f3n del camposanto y el n\u00famero del pante\u00f3n familiar. Imagin\u00e9 un camino de grava, al fondo un muro cubierto de hiedra, la figura de un \u00e1ngel custodio, mientras dictaba los d\u00edgitos de mi cuenta bancaria a una chica de acento extranjero. Me asegur\u00f3 que ese mismo d\u00eda se lo har\u00edan llegar.<\/em><\/p>\n<p><em>Desde entonces, sue\u00f1o que en mi tel\u00e9fono m\u00f3vil recibo multitud de mensajes, pero no son de pap\u00e1, sino de desconocidos, y todos comienzan del mismo modo: \u201cLuis, toy solo&#8230;\u201d.<\/em><\/p>\n<p>(183 palabras)<\/p>\n<p><strong>Acuarelas y \u00e1cidos &#8211;\u00a0<a href=\"http:\/\/www.falsaria.com\/author\/monica_druetta\/\" target=\"_blank\">M\u00f3nica Druetta<\/a><\/strong><\/p>\n<p><em>\u00c9l era cient\u00edfico&#8230; Amaba cada \u00e1tomo, cada mol\u00e9cula&#8230;, acariciaba probetas y pipetas; trabajaba incansablemente&#8230;Ella era artista&#8230; Contemplaba todo con arco\u00edris en los ojos&#8230; Tomaba telas, \u00f3leos, acuarelas&#8230; bajo sus manos, el paisaje iba tomando forma&#8230; A veces eran \u00e1rboles azules y mariposas verdes&#8230;otras; p\u00e1jaros y nubes multicolores&#8230; Se conocieron en la sala de oncolog\u00eda&#8230; \u00c9l propuso un nuevo tratamiento; ella acept\u00f3&#8230; Eduardo y Ana compartieron largas tardes, mientras las gotas la curaban&#8230; Ella pintaba y \u00e9l miraba c\u00f3mo todo tomaba color&#8230;Al final del tratamiento se abrazaron&#8230; \u00c9l le hab\u00eda salvado la vida&#8230; ella,&#8230; el alma.<\/em><\/p>\n<p>(95 palabras)<\/p>\n<p><strong>1er G\u00e9nesis H2O &#8211;\u00a0Luc\u00eda Aznar Pascual<\/strong><\/p>\n<p><em>O era un solitario \u00e1tomo que flotaba despreocupadamente en la atm\u00f3sfera, hasta que, curioso, se introdujo en una tormenta el\u00e9ctrica. All\u00ed se encontr\u00f3 con los divertidos gemelos H y la atracci\u00f3n entre ellos fue inmediata. R\u00e1pidamente un rayo lleno de energ\u00eda los alcanz\u00f3, creando una chispa entre ellos y provocando la explosi\u00f3n que finalmente los uni\u00f3 para siempre. As\u00ed, una peque\u00f1a gota de agua surgi\u00f3, completamente pura y cristalina.Sin embargo, Agua ya no pudo nunca m\u00e1s flotar en la atm\u00f3sfera, por su peso cay\u00f3 sobre la tierra donde al golpear creci\u00f3 y se multiplic\u00f3 a trav\u00e9s de los ciclos.<\/em><\/p>\n<p>(99 palabras)<\/p>\n<p><a href=\"https:\/\/i0.wp.com\/wp.catedu.es\/ochoben\/wp-content\/uploads\/sites\/5\/2015\/03\/monogr%C3%A1ficos-gota-de-agua.jpg\"><img data-recalc-dims=\"1\" loading=\"lazy\" decoding=\"async\" class=\"aligncenter size-full wp-image-696\" src=\"https:\/\/i0.wp.com\/wp.catedu.es\/ochoben\/wp-content\/uploads\/sites\/5\/2015\/03\/monogr%C3%A1ficos-gota-de-agua.jpg?resize=474%2C356\" alt=\"monogr\u00e1ficos-gota-de-agua\" width=\"474\" height=\"356\" srcset=\"https:\/\/i0.wp.com\/wp.catedu.es\/ochoben\/wp-content\/uploads\/sites\/5\/2015\/03\/monogr%C3%A1ficos-gota-de-agua.jpg?w=480&amp;ssl=1 480w, https:\/\/i0.wp.com\/wp.catedu.es\/ochoben\/wp-content\/uploads\/sites\/5\/2015\/03\/monogr%C3%A1ficos-gota-de-agua.jpg?resize=300%2C225&amp;ssl=1 300w\" sizes=\"auto, (max-width: 474px) 100vw, 474px\" \/><\/a><\/p>\n<p>&nbsp;<\/p>\n","protected":false},"excerpt":{"rendered":"<p>Fe, esperanza y caridad &#8211;\u00a0Luciano G. Egido Antes de trasladarlo a un pueblo de la provincia de Zamora, don Manuel Bueno, nuestro cura p\u00e1rroco, no cre\u00eda en Dios; pero les hac\u00eda creer a sus feligreses que cre\u00eda para no desesperarlos m\u00e1s de lo que estaban. Sus feligreses tampoco cre\u00edan; pero le hac\u00edan ver que cre\u00edan &hellip; <a href=\"https:\/\/wp.catedu.es\/ochoben\/microrrelatos-ii\/\" class=\"more-link\">Seguir leyendo <span class=\"screen-reader-text\">Microrrelatos II<\/span> <span class=\"meta-nav\">&rarr;<\/span><\/a><\/p>\n","protected":false},"author":7,"featured_media":0,"comment_status":"open","ping_status":"closed","sticky":false,"template":"","format":"standard","meta":{"_jetpack_newsletter_access":"","_jetpack_dont_email_post_to_subs":false,"_jetpack_newsletter_tier_id":0,"_jetpack_memberships_contains_paywalled_content":false,"_jetpack_memberships_contains_paid_content":false,"footnotes":""},"categories":[2,20],"tags":[30,43],"class_list":["post-691","post","type-post","status-publish","format-standard","hentry","category-y-tu-que-lees","category-concursos","tag-30","tag-microrrelatos"],"jetpack_featured_media_url":"","jetpack_sharing_enabled":true,"jetpack_shortlink":"https:\/\/wp.me\/p5Lz4C-b9","_links":{"self":[{"href":"https:\/\/wp.catedu.es\/ochoben\/wp-json\/wp\/v2\/posts\/691","targetHints":{"allow":["GET"]}}],"collection":[{"href":"https:\/\/wp.catedu.es\/ochoben\/wp-json\/wp\/v2\/posts"}],"about":[{"href":"https:\/\/wp.catedu.es\/ochoben\/wp-json\/wp\/v2\/types\/post"}],"author":[{"embeddable":true,"href":"https:\/\/wp.catedu.es\/ochoben\/wp-json\/wp\/v2\/users\/7"}],"replies":[{"embeddable":true,"href":"https:\/\/wp.catedu.es\/ochoben\/wp-json\/wp\/v2\/comments?post=691"}],"version-history":[{"count":3,"href":"https:\/\/wp.catedu.es\/ochoben\/wp-json\/wp\/v2\/posts\/691\/revisions"}],"predecessor-version":[{"id":708,"href":"https:\/\/wp.catedu.es\/ochoben\/wp-json\/wp\/v2\/posts\/691\/revisions\/708"}],"wp:attachment":[{"href":"https:\/\/wp.catedu.es\/ochoben\/wp-json\/wp\/v2\/media?parent=691"}],"wp:term":[{"taxonomy":"category","embeddable":true,"href":"https:\/\/wp.catedu.es\/ochoben\/wp-json\/wp\/v2\/categories?post=691"},{"taxonomy":"post_tag","embeddable":true,"href":"https:\/\/wp.catedu.es\/ochoben\/wp-json\/wp\/v2\/tags?post=691"}],"curies":[{"name":"wp","href":"https:\/\/api.w.org\/{rel}","templated":true}]}}