{"id":849,"date":"2015-04-25T20:29:44","date_gmt":"2015-04-25T19:29:44","guid":{"rendered":"http:\/\/wp.catedu.es\/ochoben\/?p=849"},"modified":"2015-04-26T13:59:19","modified_gmt":"2015-04-26T12:59:19","slug":"microrrelatos-de-nuestros-alumnos","status":"publish","type":"post","link":"https:\/\/wp.catedu.es\/ochoben\/microrrelatos-de-nuestros-alumnos\/","title":{"rendered":"Microrrelatos de nuestros alumnos"},"content":{"rendered":"<p>\u00a1Felicidades a todos los participantes en el concurso de microrrelatos! Aunque solo puede haber dos ganadores, \u00a0para <em>O Choben \u00a0<\/em>todos hab\u00e9is merecido el premio por vuestra ilusi\u00f3n y laboriosidad. Os dejamos una muestra de ellos.<\/p>\n<h2 style=\"text-align: center\"><strong>Primer Viernes de mayo, corre el piojo\u00a0<\/strong><strong>y el verano.<\/strong><\/h2>\n<p style=\"text-align: left\">Fui un piojo muy afortunado, viv\u00eda en la cabeza del rey moro. Un viernes de mayo las tropas y el rey se prepararon, montaron a caballo y se dirigieron a Jaca, donde esperaba una multitud armada hasta los dientes.<br \/>\nVi un mont\u00f3n de espadas luchando, vi sangre, muertos&#8230; y a lo lejos un ejercito de refuerzos&#8230; \u00bfEran bravas jacetanas?\u00a1Est\u00e1bamos perdidos!<br \/>\nUn cristiano enorme y fiero, galop\u00f3 hacia nosotros y le cort\u00f3 la cabeza. Sent\u00ed como ca\u00edamos sobre la verde pradera.<br \/>\nCuando todo acab\u00f3 clavaron la cabeza en una lanza y todo el mundo grit\u00f3 y festej\u00f3 la victoria.<br \/>\nMe sent\u00ed perdedor, en esa cabeza inerte ya no hacia nada, as\u00ed que di un salto y me un\u00ed a la pandilla de piojos de Aznar Gal\u00edndez donde terminamos felices en su sudorosa y victoriosa cabeza.<\/p>\n<p style=\"text-align: right\"><strong>Mariano Mur Serrano 2\u00ba ESO D<\/strong><\/p>\n<h2 style=\"text-align: center\"><strong>Mi viaje<\/strong><\/h2>\n<p>He hecho un viaje a Espa\u00f1a desde Colombia, llevo dos horas en el aeropuerto de Barajas. Mis padres me llevan a un pueblo situado en el norte de Espa\u00f1a llamado Jaca, es un 5 de mayo, un viernes. Llegu\u00e9 a las 10 de la ma\u00f1ana, era un pueblo rodeado de monta\u00f1as y muy bonito, vi muchas banderas, hab\u00eda mucha gente y ol\u00eda a comida, pero tambi\u00e9n a sangre, parec\u00eda todo muy raro, estaban desfilando por las calles. Pregunt\u00e9 a la gente que qu\u00e9 era lo que ocurr\u00eda y me dijeron que acababan de ganar una guerra entre los cristianos y los moros. Estoy rodeada de hombres, mujeres, y ni\u00f1os agotados pero a la vez muy contentos, hay algo extra\u00f1o en sus ropas y su forma de hablar: entonces me doy cuenta de que estoy en plena Edad Media. \u00bfHe atravesado el Atl\u00e1ntico o he viajado en el tiempo?<\/p>\n<p style=\"text-align: right\"><strong>Valentina Velasco B\u00e1ez<\/strong> 1\u00ba A (PAB)<\/p>\n<h2 style=\"text-align: center\"><strong>Acr\u00f3stico<\/strong><\/h2>\n<p><em>Arriba<\/em>, justo all\u00ed en el estante es donde vi por \u00faltima vez la mosca. Fue entonces cuando se tornaron<br \/>\n<em>bravos<\/em> mis nervios ante la falta de inspiraci\u00f3n&#8230; \u00bfC\u00f3mo comienzo yo el microrrelato? Mientras tanto<br \/>\n<em>jacetanos<\/em> y jacetanas pasean por las calles y yo aqu\u00ed sentada, con el papel en blanco&#8230;<br \/>\n\u00a1<em>corred<\/em>, venid pronto! Exclamo a mis ganas de terminar tan dura tarea. Comienza la lluvia de ideas.<br \/>\n<em>Prestos<\/em> me invaden los recuerdos de, sin lugar a duda, el d\u00eda m\u00e1s importante para la ciudad de Jaca.<br \/>\n<em>A<\/em> media hora de cenar y a\u00fan no tengo escrito nada. \u00bfC\u00f3mo es posible? Tambores, petardos, claveles.<br \/>\n<em>La<\/em> paciencia se me agota. Justo cuando voy a desistir me doy cuenta de que ya he terminado y la<br \/>\n<em>pelea<\/em> conmigo misma ya no tiene ning\u00fan sentido.<\/p>\n<p style=\"text-align: left\">Tantos quebraderos de cabeza hab\u00edan merecido la pena. Seguramente estar\u00e1s pensado que nada he contado y que he pecado de holgazaner\u00eda, pero para que puedas comprenderlo deber\u00e1s leer la <em>primera palabra<\/em> de cada dos l\u00edneas. (De &#8220;cada linea&#8221; en el original)<\/p>\n<p style=\"text-align: right\"><strong>Ana Os\u00e9s \u00a02\u00baBachillerato A<\/strong><\/p>\n<h2 style=\"text-align: center\"><strong>Para mi sorpresa<\/strong><\/h2>\n<p style=\"text-align: left\">Era viernes de mayo y como todos los a\u00f1os fui a ver el desfile con mis padres; pero para mi sorpresa esta vez el conde Aznar ya no era mi t\u00edo Alfonso.<\/p>\n<p style=\"text-align: right\"><strong>Paula Lasala Bet\u00e9s<\/strong> 1\u00ba ESO A<\/p>\n<h2 style=\"text-align: center\"><strong>Y la luz se hizo<\/strong><\/h2>\n<p>Era un bonito d\u00eda de primavera. Peregrinaba con mi padre hacia Santiago cuando llegamos a lo que parec\u00eda poco m\u00e1s que una aldea fortificada. Se notaba la festividad en el aire, la gente luc\u00eda sus mejores trajes y sus mejores sonrisas, pero lo que m\u00e1s me impresion\u00f3 fue la gran catedral que se alzaba ante nosotros, en la que se pod\u00eda divisar la figura de una anciana arrugada y peque\u00f1a bajo un enorme arco. No pude evitar soltarme de mi padre y acercarme.<br \/>\n-\u00bfQu\u00e9 se celebra? &#8211; Le pregunt\u00e9 a la anciana<br \/>\n-El triunfo de una gran batalla- Respondi\u00f3 mientras se\u00f1alaba con su dedo huesudo la puerta de la catedral<\/p>\n<p>Miramos, y un sentimiento de paz nos embarg\u00f3 al contemplar la belleza del crism\u00f3n, la delicadeza de la talla de piedra, sus magn\u00edficos colores\u2026 S\u00ed, la luz hab\u00eda ganado a la oscuridad\u2026 \u00a1Apetec\u00eda unirse a la fiesta, cantar y bailar!<\/p>\n<p style=\"text-align: right\"><strong>Sara Becerro Kegel<\/strong> 2\u00ba ESO D<\/p>\n<h2 style=\"text-align: center\"><strong>Siglo XIX \u2013 Ocupaci\u00f3n francesa<\/strong><\/h2>\n<p>Mar\u00eda no se atrev\u00eda preguntarle a su madre si desfilar\u00edan ese d\u00eda. Tem\u00eda que su madre le dijera que s\u00ed. Tem\u00eda por su propia vida. En esta \u00e9poca nadie sab\u00eda qu\u00e9 iba a ocurrir. \u00bfVendr\u00e1n noticias de victoria o acabar\u00eda el d\u00eda en desgracia? No se sab\u00eda.<br \/>\nMar\u00eda oy\u00f3 un grito seguido de una s\u00faplica. Reson\u00f3 un disparo y todo se qued\u00f3 en silencio.<br \/>\nUn rato m\u00e1s tarde, Mar\u00eda miro el reloj. Las 7:10. Ten\u00eda que ir a prepararse. Suspir\u00f3. Subiendo las escaleras sinti\u00f3 el enfado apoderarse de ella. \u00a1Odiaba a los franceses y ella era una cobarde! Se hizo la solemne promesa de desfilar como nunca. Con valent\u00eda. Gritar\u00eda a pleno pulm\u00f3n el himno de Jaca. Quiz\u00e1s, solo quiz\u00e1s, su padre la oir\u00eda y le dar\u00eda fuerza para seguir luchando.<\/p>\n<p style=\"text-align: right\"><strong>Raquel Hijano Ross<\/strong> 1\u00ba ESO C<\/p>\n<h2 style=\"text-align: center\"><strong>Tejo el viejo<\/strong><\/h2>\n<p style=\"text-align: left\">Estamos sumidos en un profundo sue\u00f1o. Presentes, como silenciosos guardianes: moviendo nuestras hojas, oyendo, sintiendo,&#8230; Tambi\u00e9n podemos despertamos: pensar.<br \/>\nMe despert\u00e9 en ese d\u00eda preciso como cada a\u00f1o anterior. Hoy era el Primer Viernes de Mayo, y es cuando los humanos de Jaca son inexplicablemente ruidosos. \u00a1Se les oye por todo el valle! Seg\u00fan me ha contado la Vieja Encina, que cuando despierta no hay quien la haga callar, los humanos celebran su victoriosa batalla. Hablan de miles de caballeros, de fieros guerreros, de valientes mujeres, &#8230; \u00a1Si ellos supieran! En verdad, la Vieja Encina tiene muchos a\u00f1os, pero no tantos como yo. Soy el \u00fanico que estuvo presente aquel d\u00eda y a\u00fan vive: soy el Gran Tejo. A la Vieja Encina le encantar\u00eda conocer la verdad, pero no ser\u00e1 hoy. Quiz\u00e1s cuando despierte el pr\u00f3ximo Viernes De Mayo, si sigo vivo&#8230; \u00a1y si no interrumpe con chismorreos del Sauce Llor\u00f3n!<\/p>\n<p style=\"text-align: right\"><strong>Irene Molina Fajo<\/strong> 2\u00ba ESOD<\/p>\n<h2 style=\"text-align: center\"><strong>La joven mora<\/strong><\/h2>\n<p>-No puedo aceptarlo, padre.-Dije rechazando la bolsa de cuero repleta de sueldos jaqueses que me ofrec\u00eda el se\u00f1or obispo.<br \/>\n-\u00a1No es una petici\u00f3n, ingrato!- Me grit\u00f3 para hacerse o\u00edr por encima de las voces que celebraban la victoria jaquesa un a\u00f1o m\u00e1s.<br \/>\nAcept\u00e9 de mala gana el dinero y arrastr\u00e9 el cuerpo inerte de la joven mora sin poder apartar la vista del terror que reflejaban sus ojos. La coloqu\u00e9 entre las piedras de la fachada principal mientras las l\u00e1grimas surcaban mis mejillas. Con la ayuda del obispo, consegu\u00ed tapiar la pared, y con ella su cuerpo, con una enorme piedra tra\u00edda de la cantera.<br \/>\nNada m\u00e1s acabar, y en cuanto el padre se dio la vuelta, saqu\u00e9 mi navaja e hice una cruz en la piedra, tanto para se\u00f1alar d\u00f3nde se encontraba el cuerpo de la pobre chica como para recordar la atrocidad que acababa de cometer. Esto me perseguir\u00eda toda la vida.<\/p>\n<p style=\"text-align: right\"><strong>Patricia Pueyo Guill\u00e9n<\/strong> 1\u00ba ESO A<\/p>\n","protected":false},"excerpt":{"rendered":"<p>\u00a1Felicidades a todos los participantes en el concurso de microrrelatos! Aunque solo puede haber dos ganadores, \u00a0para O Choben \u00a0todos hab\u00e9is merecido el premio por vuestra ilusi\u00f3n y laboriosidad. Os dejamos una muestra de ellos. Primer Viernes de mayo, corre el piojo\u00a0y el verano. Fui un piojo muy afortunado, viv\u00eda en la cabeza del rey &hellip; <a href=\"https:\/\/wp.catedu.es\/ochoben\/microrrelatos-de-nuestros-alumnos\/\" class=\"more-link\">Seguir leyendo <span class=\"screen-reader-text\">Microrrelatos de nuestros alumnos<\/span> <span class=\"meta-nav\">&rarr;<\/span><\/a><\/p>\n","protected":false},"author":14,"featured_media":0,"comment_status":"open","ping_status":"closed","sticky":false,"template":"","format":"standard","meta":{"_jetpack_newsletter_access":"","_jetpack_dont_email_post_to_subs":false,"_jetpack_newsletter_tier_id":0,"_jetpack_memberships_contains_paywalled_content":false,"_jetpack_memberships_contains_paid_content":false,"footnotes":""},"categories":[5,20],"tags":[30,43],"class_list":["post-849","post","type-post","status-publish","format-standard","hentry","category-aventurarse-a-contar","category-concursos","tag-30","tag-microrrelatos"],"jetpack_featured_media_url":"","jetpack_sharing_enabled":true,"jetpack_shortlink":"https:\/\/wp.me\/p5Lz4C-dH","_links":{"self":[{"href":"https:\/\/wp.catedu.es\/ochoben\/wp-json\/wp\/v2\/posts\/849","targetHints":{"allow":["GET"]}}],"collection":[{"href":"https:\/\/wp.catedu.es\/ochoben\/wp-json\/wp\/v2\/posts"}],"about":[{"href":"https:\/\/wp.catedu.es\/ochoben\/wp-json\/wp\/v2\/types\/post"}],"author":[{"embeddable":true,"href":"https:\/\/wp.catedu.es\/ochoben\/wp-json\/wp\/v2\/users\/14"}],"replies":[{"embeddable":true,"href":"https:\/\/wp.catedu.es\/ochoben\/wp-json\/wp\/v2\/comments?post=849"}],"version-history":[{"count":5,"href":"https:\/\/wp.catedu.es\/ochoben\/wp-json\/wp\/v2\/posts\/849\/revisions"}],"predecessor-version":[{"id":872,"href":"https:\/\/wp.catedu.es\/ochoben\/wp-json\/wp\/v2\/posts\/849\/revisions\/872"}],"wp:attachment":[{"href":"https:\/\/wp.catedu.es\/ochoben\/wp-json\/wp\/v2\/media?parent=849"}],"wp:term":[{"taxonomy":"category","embeddable":true,"href":"https:\/\/wp.catedu.es\/ochoben\/wp-json\/wp\/v2\/categories?post=849"},{"taxonomy":"post_tag","embeddable":true,"href":"https:\/\/wp.catedu.es\/ochoben\/wp-json\/wp\/v2\/tags?post=849"}],"curies":[{"name":"wp","href":"https:\/\/api.w.org\/{rel}","templated":true}]}}