{"id":853,"date":"2015-04-27T18:30:35","date_gmt":"2015-04-27T17:30:35","guid":{"rendered":"http:\/\/wp.catedu.es\/ochoben\/?p=853"},"modified":"2015-05-05T16:14:20","modified_gmt":"2015-05-05T15:14:20","slug":"22-de-abril-dia-lectura","status":"publish","type":"post","link":"https:\/\/wp.catedu.es\/ochoben\/22-de-abril-dia-lectura\/","title":{"rendered":"22 de Abril, D\u00eda de la lectura en el instituto"},"content":{"rendered":"<p>Numerosas han sido las actividades de lectura que el 22 de abril se realizaron durante la ma\u00f1ana en muchos de los cursos y materias: teatro, poes\u00eda, textos t\u00e9cnicos de F\u00edsica y Qu\u00edmica, lecturas en castellano, franc\u00e9s e ingl\u00e9s, c\u00f3mics, cuentos&#8230;<\/p>\n<p>Adem\u00e1s, durante el segundo recreo, Mach\u00fas Tall\u00f3n hizo la presentaci\u00f3n de sus cuentos ilustrados.<\/p>\n<p><a href=\"https:\/\/i0.wp.com\/wp.catedu.es\/ochoben\/wp-content\/uploads\/sites\/5\/2015\/04\/machus4.jpg\"><img data-recalc-dims=\"1\" loading=\"lazy\" decoding=\"async\" class=\"aligncenter size-full wp-image-866\" src=\"https:\/\/i0.wp.com\/wp.catedu.es\/ochoben\/wp-content\/uploads\/sites\/5\/2015\/04\/machus4.jpg?resize=474%2C265\" alt=\"machus4\" width=\"474\" height=\"265\" srcset=\"https:\/\/i0.wp.com\/wp.catedu.es\/ochoben\/wp-content\/uploads\/sites\/5\/2015\/04\/machus4.jpg?w=1280&amp;ssl=1 1280w, https:\/\/i0.wp.com\/wp.catedu.es\/ochoben\/wp-content\/uploads\/sites\/5\/2015\/04\/machus4.jpg?resize=300%2C168&amp;ssl=1 300w, https:\/\/i0.wp.com\/wp.catedu.es\/ochoben\/wp-content\/uploads\/sites\/5\/2015\/04\/machus4.jpg?resize=1024%2C572&amp;ssl=1 1024w, https:\/\/i0.wp.com\/wp.catedu.es\/ochoben\/wp-content\/uploads\/sites\/5\/2015\/04\/machus4.jpg?w=948 948w\" sizes=\"auto, (max-width: 474px) 100vw, 474px\" \/><\/a><\/p>\n<p>Os adjuntamos algunas de las rese\u00f1as que nos han enviado algunos profesores y las fotos. Pod\u00e9is dejar en comentarios vuestra experiencia. Os animamos a ello.<!--more--><\/p>\n<p><strong>ESTER CONRAT<\/strong><\/p>\n<p>En 4\u00ba de la ESO en la materia de ingl\u00e9s los alumnos trajeron los libros que ellos quisieron para compartir con sus compa\u00f1eros<\/p>\n<div><strong><em>Leen en espa\u00f1ol, ingl\u00e8s y Spanglish!<\/em><\/strong><\/div>\n<div><strong><em>Han traido libros de Harry Potter y de humor pero tambi\u00e9n romance y aventura.\u00a0<\/em><\/strong><\/div>\n<div><strong><em>La saga Divergente gana por el lado de la distop\u00eda.\u00a0<\/em><\/strong><\/div>\n<div><strong><em>\u00a1Se acabaron los vampiros!\u00a0<\/em><\/strong><\/div>\n<div><strong><em>Finalmente, el papel triunfa, a pesar de tener otras posibilidades&#8230;<\/em><\/strong><\/div>\n<div><strong><em>El silencio es maravilloso.\u00a0<\/em><\/strong><\/div>\n<div><a href=\"https:\/\/i0.wp.com\/wp.catedu.es\/ochoben\/wp-content\/uploads\/sites\/5\/2015\/04\/Inglesconrat41.jpg\"><img data-recalc-dims=\"1\" loading=\"lazy\" decoding=\"async\" class=\"aligncenter size-full wp-image-855\" src=\"https:\/\/i0.wp.com\/wp.catedu.es\/ochoben\/wp-content\/uploads\/sites\/5\/2015\/04\/Inglesconrat41.jpg?resize=474%2C632\" alt=\"Inglesconrat41\" width=\"474\" height=\"632\" srcset=\"https:\/\/i0.wp.com\/wp.catedu.es\/ochoben\/wp-content\/uploads\/sites\/5\/2015\/04\/Inglesconrat41.jpg?w=2448&amp;ssl=1 2448w, https:\/\/i0.wp.com\/wp.catedu.es\/ochoben\/wp-content\/uploads\/sites\/5\/2015\/04\/Inglesconrat41.jpg?resize=225%2C300&amp;ssl=1 225w, https:\/\/i0.wp.com\/wp.catedu.es\/ochoben\/wp-content\/uploads\/sites\/5\/2015\/04\/Inglesconrat41.jpg?resize=768%2C1024&amp;ssl=1 768w, https:\/\/i0.wp.com\/wp.catedu.es\/ochoben\/wp-content\/uploads\/sites\/5\/2015\/04\/Inglesconrat41.jpg?w=948 948w, https:\/\/i0.wp.com\/wp.catedu.es\/ochoben\/wp-content\/uploads\/sites\/5\/2015\/04\/Inglesconrat41.jpg?w=1422 1422w\" sizes=\"auto, (max-width: 474px) 100vw, 474px\" \/><\/a><\/div>\n<div><\/div>\n<div><strong>JOS\u00c9 MART\u00cdNEZ<\/strong><\/div>\n<div><\/div>\n<div>En 1\u00ba ESO en la materia de Religi\u00f3n los alumnos estuvieron leyendo la biblia. La actividad de promoci\u00f3n de la lectura tuvo tres partes:<\/div>\n<div><\/div>\n<ol>\n<li>Cada alumno le\u00eda en voz alta un vers\u00edculo de un cap\u00edtulo del Eclesiast\u00e9s (es un libro del g\u00e9nero sapiencial que transmite reflexiones y consejos para la vida)<\/li>\n<li>Lectura personal de un cap\u00edtulo del mismo libro, seleccionando una frase. Cada alumno le\u00eda un cap\u00edtulo distinto.<\/li>\n<li>Cada alumno le\u00eda en voz alta la frase seleccionada.<\/li>\n<\/ol>\n<p><strong><em>Los alumnos participaron muy bien y se nos hizo corta la clase.<\/em><\/strong><\/p>\n<figure id=\"attachment_856\" aria-describedby=\"caption-attachment-856\" style=\"width: 4928px\" class=\"wp-caption aligncenter\"><a href=\"https:\/\/i0.wp.com\/wp.catedu.es\/ochoben\/wp-content\/uploads\/sites\/5\/2015\/04\/Rel15.jpg\"><img data-recalc-dims=\"1\" loading=\"lazy\" decoding=\"async\" class=\"wp-image-856 size-full\" src=\"https:\/\/i0.wp.com\/wp.catedu.es\/ochoben\/wp-content\/uploads\/sites\/5\/2015\/04\/Rel15.jpg?resize=474%2C356\" alt=\"Rel15\" width=\"474\" height=\"356\" srcset=\"https:\/\/i0.wp.com\/wp.catedu.es\/ochoben\/wp-content\/uploads\/sites\/5\/2015\/04\/Rel15.jpg?w=4928&amp;ssl=1 4928w, https:\/\/i0.wp.com\/wp.catedu.es\/ochoben\/wp-content\/uploads\/sites\/5\/2015\/04\/Rel15.jpg?resize=300%2C225&amp;ssl=1 300w, https:\/\/i0.wp.com\/wp.catedu.es\/ochoben\/wp-content\/uploads\/sites\/5\/2015\/04\/Rel15.jpg?resize=1024%2C768&amp;ssl=1 1024w, https:\/\/i0.wp.com\/wp.catedu.es\/ochoben\/wp-content\/uploads\/sites\/5\/2015\/04\/Rel15.jpg?w=948 948w, https:\/\/i0.wp.com\/wp.catedu.es\/ochoben\/wp-content\/uploads\/sites\/5\/2015\/04\/Rel15.jpg?w=1422 1422w\" sizes=\"auto, (max-width: 474px) 100vw, 474px\" \/><\/a><figcaption id=\"caption-attachment-856\" class=\"wp-caption-text\">Sentados haciendo la forma de un coraz\u00f3n<\/figcaption><\/figure>\n<p><strong>AGUEDA GARC\u00cdA<\/strong><\/p>\n<p>En 2\u00ba de Bachillerato B en la materia de ingl\u00e9s han le\u00eddo e interpretado una escena absurda e hilarante de los Monty Python en los que un cliente solicita un curso para aprender a discutir e insultar.<\/p>\n<p><span class=\"embed-youtube\" style=\"text-align:center; display: block;\"><iframe loading=\"lazy\" class=\"youtube-player\" width=\"474\" height=\"267\" src=\"https:\/\/www.youtube.com\/embed\/LLGUiGFXcf0?version=3&#038;rel=1&#038;showsearch=0&#038;showinfo=1&#038;iv_load_policy=1&#038;fs=1&#038;hl=es-ES&#038;autohide=2&#038;wmode=transparent\" allowfullscreen=\"true\" style=\"border:0;\" sandbox=\"allow-scripts allow-same-origin allow-popups allow-presentation allow-popups-to-escape-sandbox\"><\/iframe><\/span><\/p>\n<p><strong>ANTONIO ESCARPA Y LOLA LACAMBRA<\/strong><\/p>\n<p>En 1\u00ba ESO los alumnos han estado leyendo y compartiendo con sus compa\u00f1eros cuentos ilustrados<\/p>\n<p><a href=\"https:\/\/i0.wp.com\/wp.catedu.es\/ochoben\/wp-content\/uploads\/sites\/5\/2015\/04\/epv12.jpg\"><img data-recalc-dims=\"1\" loading=\"lazy\" decoding=\"async\" class=\"aligncenter size-full wp-image-863\" src=\"https:\/\/i0.wp.com\/wp.catedu.es\/ochoben\/wp-content\/uploads\/sites\/5\/2015\/04\/epv12.jpg?resize=474%2C284\" alt=\"epv12\" width=\"474\" height=\"284\" srcset=\"https:\/\/i0.wp.com\/wp.catedu.es\/ochoben\/wp-content\/uploads\/sites\/5\/2015\/04\/epv12.jpg?w=2560&amp;ssl=1 2560w, https:\/\/i0.wp.com\/wp.catedu.es\/ochoben\/wp-content\/uploads\/sites\/5\/2015\/04\/epv12.jpg?resize=300%2C180&amp;ssl=1 300w, https:\/\/i0.wp.com\/wp.catedu.es\/ochoben\/wp-content\/uploads\/sites\/5\/2015\/04\/epv12.jpg?resize=1024%2C614&amp;ssl=1 1024w, https:\/\/i0.wp.com\/wp.catedu.es\/ochoben\/wp-content\/uploads\/sites\/5\/2015\/04\/epv12.jpg?w=948 948w, https:\/\/i0.wp.com\/wp.catedu.es\/ochoben\/wp-content\/uploads\/sites\/5\/2015\/04\/epv12.jpg?w=1422 1422w\" sizes=\"auto, (max-width: 474px) 100vw, 474px\" \/><\/a><\/p>\n<p>En 2\u00ba ESO\u00a0se leyeron algunos comics, incluso uno que por no tener ni una sola palabra estaba en todos los idiomas posibles:\u00a0<a href=\"http:\/\/www.shauntan.es\/index.php\/shauntan\/albumes\/category\/emigrantes\/\" target=\"_blank\"><strong><em>Emigrantes<\/em> <\/strong><\/a>de Shaun Tan<\/p>\n<p>En Dibujo T\u00e9cnico de bachillerato han hecho lectura comprensiva de textos t\u00e9cnicos.<\/p>\n<p><a href=\"https:\/\/i0.wp.com\/wp.catedu.es\/ochoben\/wp-content\/uploads\/sites\/5\/2015\/04\/dibtec11.jpg\"><img data-recalc-dims=\"1\" loading=\"lazy\" decoding=\"async\" class=\"aligncenter size-full wp-image-865\" src=\"https:\/\/i0.wp.com\/wp.catedu.es\/ochoben\/wp-content\/uploads\/sites\/5\/2015\/04\/dibtec11.jpg?resize=474%2C284\" alt=\"dibtec11\" width=\"474\" height=\"284\" srcset=\"https:\/\/i0.wp.com\/wp.catedu.es\/ochoben\/wp-content\/uploads\/sites\/5\/2015\/04\/dibtec11.jpg?w=2560&amp;ssl=1 2560w, https:\/\/i0.wp.com\/wp.catedu.es\/ochoben\/wp-content\/uploads\/sites\/5\/2015\/04\/dibtec11.jpg?resize=300%2C180&amp;ssl=1 300w, https:\/\/i0.wp.com\/wp.catedu.es\/ochoben\/wp-content\/uploads\/sites\/5\/2015\/04\/dibtec11.jpg?resize=1024%2C614&amp;ssl=1 1024w, https:\/\/i0.wp.com\/wp.catedu.es\/ochoben\/wp-content\/uploads\/sites\/5\/2015\/04\/dibtec11.jpg?w=948 948w, https:\/\/i0.wp.com\/wp.catedu.es\/ochoben\/wp-content\/uploads\/sites\/5\/2015\/04\/dibtec11.jpg?w=1422 1422w\" sizes=\"auto, (max-width: 474px) 100vw, 474px\" \/><\/a><\/p>\n<p>M\u00e1s fotos en este alb\u00fam de nuestro <a href=\"https:\/\/www.facebook.com\/media\/set\/?set=a.1704119549815428.1073741841.1656541604573223&amp;type=1\" target=\"_blank\"><strong>facebook<\/strong><\/a><\/p>\n","protected":false},"excerpt":{"rendered":"<p>Numerosas han sido las actividades de lectura que el 22 de abril se realizaron durante la ma\u00f1ana en muchos de los cursos y materias: teatro, poes\u00eda, textos t\u00e9cnicos de F\u00edsica y Qu\u00edmica, lecturas en castellano, franc\u00e9s e ingl\u00e9s, c\u00f3mics, cuentos&#8230; Adem\u00e1s, durante el segundo recreo, Mach\u00fas Tall\u00f3n hizo la presentaci\u00f3n de sus cuentos ilustrados. Os &hellip; <a href=\"https:\/\/wp.catedu.es\/ochoben\/22-de-abril-dia-lectura\/\" class=\"more-link\">Seguir leyendo <span class=\"screen-reader-text\">22 de Abril, D\u00eda de la lectura en el instituto<\/span> <span class=\"meta-nav\">&rarr;<\/span><\/a><\/p>\n","protected":false},"author":7,"featured_media":0,"comment_status":"open","ping_status":"closed","sticky":false,"template":"","format":"standard","meta":{"_jetpack_newsletter_access":"","_jetpack_dont_email_post_to_subs":false,"_jetpack_newsletter_tier_id":0,"_jetpack_memberships_contains_paywalled_content":false,"_jetpack_memberships_contains_paid_content":false,"footnotes":""},"categories":[2,8],"tags":[30,45],"class_list":["post-853","post","type-post","status-publish","format-standard","hentry","category-y-tu-que-lees","category-de-lunes-a-viernes","tag-30","tag-dia-del-libro"],"jetpack_featured_media_url":"","jetpack_sharing_enabled":true,"jetpack_shortlink":"https:\/\/wp.me\/p5Lz4C-dL","_links":{"self":[{"href":"https:\/\/wp.catedu.es\/ochoben\/wp-json\/wp\/v2\/posts\/853","targetHints":{"allow":["GET"]}}],"collection":[{"href":"https:\/\/wp.catedu.es\/ochoben\/wp-json\/wp\/v2\/posts"}],"about":[{"href":"https:\/\/wp.catedu.es\/ochoben\/wp-json\/wp\/v2\/types\/post"}],"author":[{"embeddable":true,"href":"https:\/\/wp.catedu.es\/ochoben\/wp-json\/wp\/v2\/users\/7"}],"replies":[{"embeddable":true,"href":"https:\/\/wp.catedu.es\/ochoben\/wp-json\/wp\/v2\/comments?post=853"}],"version-history":[{"count":10,"href":"https:\/\/wp.catedu.es\/ochoben\/wp-json\/wp\/v2\/posts\/853\/revisions"}],"predecessor-version":[{"id":939,"href":"https:\/\/wp.catedu.es\/ochoben\/wp-json\/wp\/v2\/posts\/853\/revisions\/939"}],"wp:attachment":[{"href":"https:\/\/wp.catedu.es\/ochoben\/wp-json\/wp\/v2\/media?parent=853"}],"wp:term":[{"taxonomy":"category","embeddable":true,"href":"https:\/\/wp.catedu.es\/ochoben\/wp-json\/wp\/v2\/categories?post=853"},{"taxonomy":"post_tag","embeddable":true,"href":"https:\/\/wp.catedu.es\/ochoben\/wp-json\/wp\/v2\/tags?post=853"}],"curies":[{"name":"wp","href":"https:\/\/api.w.org\/{rel}","templated":true}]}}