{"id":143,"date":"2018-12-28T14:05:22","date_gmt":"2018-12-28T13:05:22","guid":{"rendered":"http:\/\/wp.catedu.es\/palabrasalviento\/?p=143"},"modified":"2019-08-10T13:43:10","modified_gmt":"2019-08-10T11:43:10","slug":"programa-2_-rapeando","status":"publish","type":"post","link":"https:\/\/wp.catedu.es\/palabrasalviento\/programa-2_-rapeando\/","title":{"rendered":"Programa 2_ Rapeando"},"content":{"rendered":"<p style=\"text-align: center;\"><img loading=\"lazy\" decoding=\"async\" class=\"aligncenter wp-image-144 size-full\" src=\"http:\/\/wp.catedu.es\/palabrasalviento\/wp-content\/uploads\/sites\/145\/2019\/07\/Sharif_Lekowski-e1564142287865.jpg\" alt=\"\" width=\"4896\" height=\"3170\" srcset=\"https:\/\/wp.catedu.es\/palabrasalviento\/wp-content\/uploads\/sites\/145\/2019\/07\/Sharif_Lekowski-e1564142287865.jpg 4896w, https:\/\/wp.catedu.es\/palabrasalviento\/wp-content\/uploads\/sites\/145\/2019\/07\/Sharif_Lekowski-e1564142287865-300x194.jpg 300w, https:\/\/wp.catedu.es\/palabrasalviento\/wp-content\/uploads\/sites\/145\/2019\/07\/Sharif_Lekowski-e1564142287865-768x497.jpg 768w, https:\/\/wp.catedu.es\/palabrasalviento\/wp-content\/uploads\/sites\/145\/2019\/07\/Sharif_Lekowski-e1564142287865-1024x663.jpg 1024w\" sizes=\"auto, (max-width: 4896px) 100vw, 4896px\" \/><\/p>\n<p>&nbsp;<\/p>\n<p><img loading=\"lazy\" decoding=\"async\" class=\"aligncenter wp-image-193 size-large\" src=\"http:\/\/wp.catedu.es\/palabrasalviento\/wp-content\/uploads\/sites\/145\/2019\/02\/expo-1024x748.jpg\" alt=\"\" width=\"768\" height=\"561\" srcset=\"https:\/\/wp.catedu.es\/palabrasalviento\/wp-content\/uploads\/sites\/145\/2019\/02\/expo-1024x748.jpg 1024w, https:\/\/wp.catedu.es\/palabrasalviento\/wp-content\/uploads\/sites\/145\/2019\/02\/expo-300x219.jpg 300w, https:\/\/wp.catedu.es\/palabrasalviento\/wp-content\/uploads\/sites\/145\/2019\/02\/expo-768x561.jpg 768w\" sizes=\"auto, (max-width: 768px) 100vw, 768px\" \/><\/p>\n<p><span style=\"font-size: 14pt;\"><strong>T\u00edtulo: Caba\u00f1as en el aire II \u00abRapeando\u00bb<\/strong>.<\/span><\/p>\n<p>El segundo programa de Caba\u00f1as en el Aire viene, esta semana, cargado de rap.<\/p>\n<p>&nbsp;<\/p>\n<p><span style=\"font-size: 14pt;\"><strong>Entrevista a dos:<\/strong> <\/span>\u00abShar\u00edf y Leckowski vienen al IES Caba\u00f1as\u00bb.<\/p>\n<div class=\"wp-playlist wp-audio-playlist wp-playlist-light\">\n\t\t\t<div class=\"wp-playlist-current-item\"><\/div>\n\t\t<audio controls=\"controls\" preload=\"none\" width=\"746\"\n\t\t\t><\/audio>\n\t<div class=\"wp-playlist-next\"><\/div>\n\t<div class=\"wp-playlist-prev\"><\/div>\n\t<noscript>\n\t<ol>\n\t\t<li><a href='https:\/\/wp.catedu.es\/palabrasalviento\/wp-content\/uploads\/sites\/145\/2019\/07\/Entrevista-a-dos_Programa-2-1\u00aa-parte.mp3'>Entrevista a dos_Programa 2 (1\u00aa parte)<\/a><\/li><li><a href='https:\/\/wp.catedu.es\/palabrasalviento\/wp-content\/uploads\/sites\/145\/2019\/07\/Entrevista-a-dos_Programa-2-2\u00aa-parte.mp3'>Entrevista a dos_Programa 2 (2\u00aa parte)<\/a><\/li><li><a href='https:\/\/wp.catedu.es\/palabrasalviento\/wp-content\/uploads\/sites\/145\/2019\/07\/Entrevista-a-dos_Programa-2-3\u00aa-parte.mp3'>Entrevista a dos_Programa 2 (3\u00aa parte)<\/a><\/li>\t<\/ol>\n\t<\/noscript>\n\t<script type=\"application\/json\" class=\"wp-playlist-script\">{\"type\":\"audio\",\"tracklist\":true,\"tracknumbers\":true,\"images\":true,\"artists\":true,\"tracks\":[{\"src\":\"https:\/\/wp.catedu.es\/palabrasalviento\/wp-content\/uploads\/sites\/145\/2019\/07\/Entrevista-a-dos_Programa-2-1\\u00aa-parte.mp3\",\"type\":\"audio\/mpeg\",\"title\":\"Entrevista a dos_Programa 2 (1\\u00aa parte)\",\"caption\":\"\",\"description\":\"\\\"Entrevista a dos_Programa 2 (1\\u00aa parte)\\\".\",\"meta\":{\"length_formatted\":\"4:27\"},\"image\":{\"src\":\"https:\/\/wp.catedu.es\/palabrasalviento\/wp-includes\/images\/media\/audio.svg\",\"width\":48,\"height\":64},\"thumb\":{\"src\":\"https:\/\/wp.catedu.es\/palabrasalviento\/wp-includes\/images\/media\/audio.svg\",\"width\":48,\"height\":64}},{\"src\":\"https:\/\/wp.catedu.es\/palabrasalviento\/wp-content\/uploads\/sites\/145\/2019\/07\/Entrevista-a-dos_Programa-2-2\\u00aa-parte.mp3\",\"type\":\"audio\/mpeg\",\"title\":\"Entrevista a dos_Programa 2 (2\\u00aa parte)\",\"caption\":\"\",\"description\":\"\\\"Entrevista a dos_Programa 2 (2\\u00aa parte)\\\".\",\"meta\":{\"length_formatted\":\"9:09\"},\"image\":{\"src\":\"https:\/\/wp.catedu.es\/palabrasalviento\/wp-includes\/images\/media\/audio.svg\",\"width\":48,\"height\":64},\"thumb\":{\"src\":\"https:\/\/wp.catedu.es\/palabrasalviento\/wp-includes\/images\/media\/audio.svg\",\"width\":48,\"height\":64}},{\"src\":\"https:\/\/wp.catedu.es\/palabrasalviento\/wp-content\/uploads\/sites\/145\/2019\/07\/Entrevista-a-dos_Programa-2-3\\u00aa-parte.mp3\",\"type\":\"audio\/mpeg\",\"title\":\"Entrevista a dos_Programa 2 (3\\u00aa parte)\",\"caption\":\"\",\"description\":\"\\\"Entrevista a dos_Programa 2 (3\\u00aa parte)\\\".\",\"meta\":{\"length_formatted\":\"7:19\"},\"image\":{\"src\":\"https:\/\/wp.catedu.es\/palabrasalviento\/wp-includes\/images\/media\/audio.svg\",\"width\":48,\"height\":64},\"thumb\":{\"src\":\"https:\/\/wp.catedu.es\/palabrasalviento\/wp-includes\/images\/media\/audio.svg\",\"width\":48,\"height\":64}}]}<\/script>\n<\/div>\n\t\n<p><span style=\"font-size: 14pt;\"><strong>El mundo en tu boca:<\/strong><\/span> \u00abCus-cus desde Marruecos\u00bb.<\/p>\n<audio class=\"wp-audio-shortcode\" id=\"audio-143-1\" preload=\"none\" style=\"width: 100%;\" controls=\"controls\"><source type=\"audio\/mpeg\" src=\"http:\/\/wp.catedu.es\/palabrasalviento\/wp-content\/uploads\/sites\/145\/2019\/02\/El-mundo-en-tu-boca_Programa-2.mp3?_=1\" \/><a href=\"http:\/\/wp.catedu.es\/palabrasalviento\/wp-content\/uploads\/sites\/145\/2019\/02\/El-mundo-en-tu-boca_Programa-2.mp3\">http:\/\/wp.catedu.es\/palabrasalviento\/wp-content\/uploads\/sites\/145\/2019\/02\/El-mundo-en-tu-boca_Programa-2.mp3<\/a><\/audio>\n<p>&nbsp;<\/p>\n<p><span style=\"font-size: 14pt;\"><strong>Poes\u00eda para llevar:<\/strong><\/span><\/p>\n<audio class=\"wp-audio-shortcode\" id=\"audio-143-2\" preload=\"none\" style=\"width: 100%;\" controls=\"controls\"><source type=\"audio\/mpeg\" src=\"http:\/\/wp.catedu.es\/palabrasalviento\/wp-content\/uploads\/sites\/145\/2019\/02\/Poes\u00eda-para-llevar_-Programa-2b-2.mp3?_=2\" \/><a href=\"http:\/\/wp.catedu.es\/palabrasalviento\/wp-content\/uploads\/sites\/145\/2019\/02\/Poes\u00eda-para-llevar_-Programa-2b-2.mp3\">http:\/\/wp.catedu.es\/palabrasalviento\/wp-content\/uploads\/sites\/145\/2019\/02\/Poes\u00eda-para-llevar_-Programa-2b-2.mp3<\/a><\/audio>\n<p><em>La carbonerilla quemada,<\/em> poema le\u00eddo por Pilar Latorre (personal de conserjer\u00eda).<\/p>\n<p><em>Busco un poema sin tiempo, <\/em>poema le\u00eddo por Noem\u00ed Gim\u00e9nez (1\u00ba PAI).<\/p>\n<p><em>Punto final,<\/em> poema le\u00eddo por Carlos Lahuerta (personal de secretar\u00eda).<\/p>\n<p><em>Ellas, las asesinadas,<\/em> poema le\u00eddo por Pilar Villalva (Dpto. de Orientaci\u00f3n).<\/p>\n<p>&nbsp;<\/p>\n<p><strong>Alumnado participante:\u00a0<\/strong>Rabe Chahouati,\u00a0 Zachary Mej\u00eda y Hanan Kial.<\/p>\n<p><strong>Profesorado responsable:<\/strong>\u00a0Nereida Torrijos y Nacho Tajahuerce.\u00a0\u00a0<strong>Grupo:<\/strong>\u00a04\u00ba AGR.<\/p>\n<p><strong>Descripci\u00f3n del programa:\u00a0<\/strong>Magacine period\u00edstico que trata las inquietudes de los alumnos y la actualidad del centro.<\/p>\n<p><strong>Duraci\u00f3n: <\/strong>33:14 min.\u00a0\u00a0\u00a0 <strong>G\u00e9nero:<\/strong> Magacine \u00a0 <strong>T\u00e9cnico:\u00a0<\/strong>Alumnado 4\u00ba AGR.<\/p>\n<p><img loading=\"lazy\" decoding=\"async\" class=\"size-medium wp-image-196 alignleft\" src=\"http:\/\/wp.catedu.es\/palabrasalviento\/wp-content\/uploads\/sites\/145\/2019\/02\/expo4-300x263.jpg\" alt=\"\" width=\"300\" height=\"263\" srcset=\"https:\/\/wp.catedu.es\/palabrasalviento\/wp-content\/uploads\/sites\/145\/2019\/02\/expo4-300x263.jpg 300w, https:\/\/wp.catedu.es\/palabrasalviento\/wp-content\/uploads\/sites\/145\/2019\/02\/expo4-768x672.jpg 768w, https:\/\/wp.catedu.es\/palabrasalviento\/wp-content\/uploads\/sites\/145\/2019\/02\/expo4-1024x897.jpg 1024w\" sizes=\"auto, (max-width: 300px) 100vw, 300px\" \/><img loading=\"lazy\" decoding=\"async\" class=\"size-medium wp-image-198 alignleft\" src=\"http:\/\/wp.catedu.es\/palabrasalviento\/wp-content\/uploads\/sites\/145\/2019\/02\/expo6-300x199.jpg\" alt=\"\" width=\"300\" height=\"199\" srcset=\"https:\/\/wp.catedu.es\/palabrasalviento\/wp-content\/uploads\/sites\/145\/2019\/02\/expo6-300x199.jpg 300w, https:\/\/wp.catedu.es\/palabrasalviento\/wp-content\/uploads\/sites\/145\/2019\/02\/expo6-768x508.jpg 768w, https:\/\/wp.catedu.es\/palabrasalviento\/wp-content\/uploads\/sites\/145\/2019\/02\/expo6-1024x678.jpg 1024w\" sizes=\"auto, (max-width: 300px) 100vw, 300px\" \/><img loading=\"lazy\" decoding=\"async\" class=\"size-medium wp-image-194 alignleft\" src=\"http:\/\/wp.catedu.es\/palabrasalviento\/wp-content\/uploads\/sites\/145\/2019\/02\/expo2-300x253.jpg\" alt=\"\" width=\"300\" height=\"253\" srcset=\"https:\/\/wp.catedu.es\/palabrasalviento\/wp-content\/uploads\/sites\/145\/2019\/02\/expo2-300x253.jpg 300w, https:\/\/wp.catedu.es\/palabrasalviento\/wp-content\/uploads\/sites\/145\/2019\/02\/expo2-768x648.jpg 768w, https:\/\/wp.catedu.es\/palabrasalviento\/wp-content\/uploads\/sites\/145\/2019\/02\/expo2-1024x864.jpg 1024w\" sizes=\"auto, (max-width: 300px) 100vw, 300px\" \/><\/p>\n","protected":false},"excerpt":{"rendered":"<p>&nbsp; T\u00edtulo: Caba\u00f1as en el aire II \u00abRapeando\u00bb. El segundo programa de Caba\u00f1as en el Aire viene, esta semana, cargado de rap. &nbsp; Entrevista a dos: \u00abShar\u00edf y Leckowski vienen al IES Caba\u00f1as\u00bb. El mundo en tu boca: \u00abCus-cus desde Marruecos\u00bb. &nbsp; Poes\u00eda para llevar: La carbonerilla quemada, poema le\u00eddo por Pilar Latorre (personal de [&hellip;]<\/p>\n","protected":false},"author":279,"featured_media":0,"comment_status":"closed","ping_status":"closed","sticky":false,"template":"","format":"standard","meta":{"footnotes":""},"categories":[1],"tags":[],"class_list":["post-143","post","type-post","status-publish","format-standard","hentry","category-sin-categoria"],"_links":{"self":[{"href":"https:\/\/wp.catedu.es\/palabrasalviento\/wp-json\/wp\/v2\/posts\/143","targetHints":{"allow":["GET"]}}],"collection":[{"href":"https:\/\/wp.catedu.es\/palabrasalviento\/wp-json\/wp\/v2\/posts"}],"about":[{"href":"https:\/\/wp.catedu.es\/palabrasalviento\/wp-json\/wp\/v2\/types\/post"}],"author":[{"embeddable":true,"href":"https:\/\/wp.catedu.es\/palabrasalviento\/wp-json\/wp\/v2\/users\/279"}],"replies":[{"embeddable":true,"href":"https:\/\/wp.catedu.es\/palabrasalviento\/wp-json\/wp\/v2\/comments?post=143"}],"version-history":[{"count":28,"href":"https:\/\/wp.catedu.es\/palabrasalviento\/wp-json\/wp\/v2\/posts\/143\/revisions"}],"predecessor-version":[{"id":371,"href":"https:\/\/wp.catedu.es\/palabrasalviento\/wp-json\/wp\/v2\/posts\/143\/revisions\/371"}],"wp:attachment":[{"href":"https:\/\/wp.catedu.es\/palabrasalviento\/wp-json\/wp\/v2\/media?parent=143"}],"wp:term":[{"taxonomy":"category","embeddable":true,"href":"https:\/\/wp.catedu.es\/palabrasalviento\/wp-json\/wp\/v2\/categories?post=143"},{"taxonomy":"post_tag","embeddable":true,"href":"https:\/\/wp.catedu.es\/palabrasalviento\/wp-json\/wp\/v2\/tags?post=143"}],"curies":[{"name":"wp","href":"https:\/\/api.w.org\/{rel}","templated":true}]}}