{"id":193,"date":"2020-04-22T07:16:59","date_gmt":"2020-04-22T06:16:59","guid":{"rendered":"http:\/\/wp.catedu.es\/radiolab\/?p=193"},"modified":"2020-05-08T06:31:48","modified_gmt":"2020-05-08T05:31:48","slug":"reflexiones-de-paula-rica-andres-del-ies-benjamin-jarnes","status":"publish","type":"post","link":"https:\/\/wp.catedu.es\/radiolab\/reflexiones-de-paula-rica-andres-del-ies-benjamin-jarnes\/","title":{"rendered":"Reflexiones de Paula Rica Andr\u00e9s del IES Benjam\u00edn Jarn\u00e9s"},"content":{"rendered":"<p>En esta ocasi\u00f3n, compartimos las reflexiones de Paula Rico, alumna de 1\u00ba de Bachillerato del IES Benjam\u00edn Jarn\u00e9s, sobre la situaci\u00f3n actual. \u00a1\u00a1Qu\u00e9 relato m\u00e1s emocionante!!<\/p>\n<p>&#8220;Esta situaci\u00f3n nos ha ense\u00f1ado a valorar las cosas que de verdad importan&#8221;. Paula Rico. Abril 2020 Fuentes de Ebro.<\/p>\n<p><iframe src=\"https:\/\/www.youtube.com\/embed\/L2NSr1sctbs\" width=\"560\" height=\"315\" frameborder=\"0\" allowfullscreen=\"allowfullscreen\"><\/iframe><\/p>\n","protected":false},"excerpt":{"rendered":"<p>En esta ocasi\u00f3n, compartimos las reflexiones de Paula Rico, alumna de 1\u00ba de Bachillerato del IES Benjam\u00edn Jarn\u00e9s, sobre la situaci\u00f3n actual. \u00a1\u00a1Qu\u00e9 relato m\u00e1s emocionante!! &#8220;Esta situaci\u00f3n nos ha ense\u00f1ado a valorar las cosas que de verdad importan&#8221;. Paula Rico. Abril 2020 Fuentes de Ebro.<\/p>\n","protected":false},"author":302,"featured_media":0,"comment_status":"closed","ping_status":"closed","sticky":false,"template":"","format":"standard","meta":{"footnotes":""},"categories":[7],"tags":[],"class_list":["post-193","post","type-post","status-publish","format-standard","hentry","category-radiocuarentenalab","excerpt"],"_links":{"self":[{"href":"https:\/\/wp.catedu.es\/radiolab\/wp-json\/wp\/v2\/posts\/193","targetHints":{"allow":["GET"]}}],"collection":[{"href":"https:\/\/wp.catedu.es\/radiolab\/wp-json\/wp\/v2\/posts"}],"about":[{"href":"https:\/\/wp.catedu.es\/radiolab\/wp-json\/wp\/v2\/types\/post"}],"author":[{"embeddable":true,"href":"https:\/\/wp.catedu.es\/radiolab\/wp-json\/wp\/v2\/users\/302"}],"replies":[{"embeddable":true,"href":"https:\/\/wp.catedu.es\/radiolab\/wp-json\/wp\/v2\/comments?post=193"}],"version-history":[{"count":3,"href":"https:\/\/wp.catedu.es\/radiolab\/wp-json\/wp\/v2\/posts\/193\/revisions"}],"predecessor-version":[{"id":196,"href":"https:\/\/wp.catedu.es\/radiolab\/wp-json\/wp\/v2\/posts\/193\/revisions\/196"}],"wp:attachment":[{"href":"https:\/\/wp.catedu.es\/radiolab\/wp-json\/wp\/v2\/media?parent=193"}],"wp:term":[{"taxonomy":"category","embeddable":true,"href":"https:\/\/wp.catedu.es\/radiolab\/wp-json\/wp\/v2\/categories?post=193"},{"taxonomy":"post_tag","embeddable":true,"href":"https:\/\/wp.catedu.es\/radiolab\/wp-json\/wp\/v2\/tags?post=193"}],"curies":[{"name":"wp","href":"https:\/\/api.w.org\/{rel}","templated":true}]}}