{"id":125,"date":"2019-12-02T22:14:07","date_gmt":"2019-12-02T21:14:07","guid":{"rendered":"http:\/\/wp.catedu.es\/radioramiro\/?p=125"},"modified":"2019-12-02T22:14:07","modified_gmt":"2019-12-02T21:14:07","slug":"receta-para-hacer-crecer-un-arbol","status":"publish","type":"post","link":"https:\/\/wp.catedu.es\/radioramiro\/receta-para-hacer-crecer-un-arbol\/","title":{"rendered":"Receta para hacer crecer un \u00e1rbol"},"content":{"rendered":"<p><img loading=\"lazy\" decoding=\"async\" class=\"alignnone size-medium wp-image-128\" src=\"http:\/\/wp.catedu.es\/radioramiro\/wp-content\/uploads\/sites\/142\/2019\/12\/WhatsApp-Image-2019-12-02-at-21.29.50-300x169.jpeg\" alt=\"\" width=\"300\" height=\"169\" srcset=\"https:\/\/wp.catedu.es\/radioramiro\/wp-content\/uploads\/sites\/142\/2019\/12\/WhatsApp-Image-2019-12-02-at-21.29.50-300x169.jpeg 300w, https:\/\/wp.catedu.es\/radioramiro\/wp-content\/uploads\/sites\/142\/2019\/12\/WhatsApp-Image-2019-12-02-at-21.29.50-700x394.jpeg 700w, https:\/\/wp.catedu.es\/radioramiro\/wp-content\/uploads\/sites\/142\/2019\/12\/WhatsApp-Image-2019-12-02-at-21.29.50-768x432.jpeg 768w, https:\/\/wp.catedu.es\/radioramiro\/wp-content\/uploads\/sites\/142\/2019\/12\/WhatsApp-Image-2019-12-02-at-21.29.50-1536x864.jpeg 1536w, https:\/\/wp.catedu.es\/radioramiro\/wp-content\/uploads\/sites\/142\/2019\/12\/WhatsApp-Image-2019-12-02-at-21.29.50.jpeg 2048w\" sizes=\"auto, (max-width: 300px) 100vw, 300px\" \/> <img loading=\"lazy\" decoding=\"async\" class=\"alignnone size-medium wp-image-129\" src=\"http:\/\/wp.catedu.es\/radioramiro\/wp-content\/uploads\/sites\/142\/2019\/12\/WhatsApp-Image-2019-12-02-at-21.30.13-300x169.jpeg\" alt=\"\" width=\"300\" height=\"169\" srcset=\"https:\/\/wp.catedu.es\/radioramiro\/wp-content\/uploads\/sites\/142\/2019\/12\/WhatsApp-Image-2019-12-02-at-21.30.13-300x169.jpeg 300w, https:\/\/wp.catedu.es\/radioramiro\/wp-content\/uploads\/sites\/142\/2019\/12\/WhatsApp-Image-2019-12-02-at-21.30.13-700x394.jpeg 700w, https:\/\/wp.catedu.es\/radioramiro\/wp-content\/uploads\/sites\/142\/2019\/12\/WhatsApp-Image-2019-12-02-at-21.30.13-768x432.jpeg 768w, https:\/\/wp.catedu.es\/radioramiro\/wp-content\/uploads\/sites\/142\/2019\/12\/WhatsApp-Image-2019-12-02-at-21.30.13-1536x864.jpeg 1536w, https:\/\/wp.catedu.es\/radioramiro\/wp-content\/uploads\/sites\/142\/2019\/12\/WhatsApp-Image-2019-12-02-at-21.30.13.jpeg 2048w\" sizes=\"auto, (max-width: 300px) 100vw, 300px\" \/><\/p>\n<audio class=\"wp-audio-shortcode\" id=\"audio-125-1\" preload=\"none\" style=\"width: 100%;\" controls=\"controls\"><source type=\"audio\/mpeg\" src=\"http:\/\/wp.catedu.es\/radioramiro\/wp-content\/uploads\/sites\/142\/2019\/12\/recetasdefinitivo.mp3?_=1\" \/><a href=\"http:\/\/wp.catedu.es\/radioramiro\/wp-content\/uploads\/sites\/142\/2019\/12\/recetasdefinitivo.mp3\">http:\/\/wp.catedu.es\/radioramiro\/wp-content\/uploads\/sites\/142\/2019\/12\/recetasdefinitivo.mp3<\/a><\/audio>\n<p>T\u00cdTULO: Receta para hacer crecer un \u00e1rbol<br \/>\nLOCUTORES: Lu\u00eds, Lola, Aisa e Izan<br \/>\nDESCRIPCI\u00d3N: por medio de esta receta que han elaborado el alumnado de 1\u00ba B podr\u00e1s conseguir que los \u00e1rboles crezcan sanos y seguros&#8230;<\/p>\n\n<div class=\"twitter-share\"><a href=\"https:\/\/twitter.com\/intent\/tweet?via=CPRamiroSolans\" class=\"twitter-share-button\">Twittear<\/a><\/div>\n","protected":false},"excerpt":{"rendered":"<p>T\u00cdTULO: Receta para hacer crecer un \u00e1rbol LOCUTORES: Lu\u00eds, Lola, Aisa e Izan DESCRIPCI\u00d3N: por medio de esta receta que han elaborado el alumnado de 1\u00ba B podr\u00e1s conseguir que los \u00e1rboles crezcan sanos y seguros&#8230;<\/p>\n","protected":false},"author":274,"featured_media":0,"comment_status":"closed","ping_status":"closed","sticky":false,"template":"","format":"standard","meta":{"footnotes":""},"categories":[10,7],"tags":[],"class_list":["post-125","post","type-post","status-publish","format-standard","hentry","category-ramiro-en-la-onda","category-recetas"],"_links":{"self":[{"href":"https:\/\/wp.catedu.es\/radioramiro\/wp-json\/wp\/v2\/posts\/125","targetHints":{"allow":["GET"]}}],"collection":[{"href":"https:\/\/wp.catedu.es\/radioramiro\/wp-json\/wp\/v2\/posts"}],"about":[{"href":"https:\/\/wp.catedu.es\/radioramiro\/wp-json\/wp\/v2\/types\/post"}],"author":[{"embeddable":true,"href":"https:\/\/wp.catedu.es\/radioramiro\/wp-json\/wp\/v2\/users\/274"}],"replies":[{"embeddable":true,"href":"https:\/\/wp.catedu.es\/radioramiro\/wp-json\/wp\/v2\/comments?post=125"}],"version-history":[{"count":3,"href":"https:\/\/wp.catedu.es\/radioramiro\/wp-json\/wp\/v2\/posts\/125\/revisions"}],"predecessor-version":[{"id":131,"href":"https:\/\/wp.catedu.es\/radioramiro\/wp-json\/wp\/v2\/posts\/125\/revisions\/131"}],"wp:attachment":[{"href":"https:\/\/wp.catedu.es\/radioramiro\/wp-json\/wp\/v2\/media?parent=125"}],"wp:term":[{"taxonomy":"category","embeddable":true,"href":"https:\/\/wp.catedu.es\/radioramiro\/wp-json\/wp\/v2\/categories?post=125"},{"taxonomy":"post_tag","embeddable":true,"href":"https:\/\/wp.catedu.es\/radioramiro\/wp-json\/wp\/v2\/tags?post=125"}],"curies":[{"name":"wp","href":"https:\/\/api.w.org\/{rel}","templated":true}]}}