{"id":418,"date":"2021-03-08T19:18:16","date_gmt":"2021-03-08T18:18:16","guid":{"rendered":"http:\/\/wp.catedu.es\/radioramiro\/?p=418"},"modified":"2024-05-20T22:57:53","modified_gmt":"2024-05-20T20:57:53","slug":"georgia-okeffee","status":"publish","type":"post","link":"https:\/\/wp.catedu.es\/radioramiro\/georgia-okeffee\/","title":{"rendered":"Georgia O&#8217;Keffee"},"content":{"rendered":"<p><img loading=\"lazy\" decoding=\"async\" class=\"wp-image-420 size-medium alignleft\" src=\"http:\/\/wp.catedu.es\/radioramiro\/wp-content\/uploads\/sites\/142\/2021\/03\/thumbnail_IMG_20210302_135521-e1615314079206-225x300.jpg\" alt=\"\" width=\"225\" height=\"300\" srcset=\"https:\/\/wp.catedu.es\/radioramiro\/wp-content\/uploads\/sites\/142\/2021\/03\/thumbnail_IMG_20210302_135521-e1615314079206-225x300.jpg 225w, https:\/\/wp.catedu.es\/radioramiro\/wp-content\/uploads\/sites\/142\/2021\/03\/thumbnail_IMG_20210302_135521-e1615314079206-700x933.jpg 700w, https:\/\/wp.catedu.es\/radioramiro\/wp-content\/uploads\/sites\/142\/2021\/03\/thumbnail_IMG_20210302_135521-e1615314079206-768x1024.jpg 768w, https:\/\/wp.catedu.es\/radioramiro\/wp-content\/uploads\/sites\/142\/2021\/03\/thumbnail_IMG_20210302_135521-e1615314079206.jpg 960w\" sizes=\"auto, (max-width: 225px) 100vw, 225px\" \/> <img loading=\"lazy\" decoding=\"async\" class=\"alignnone size-medium wp-image-421\" src=\"http:\/\/wp.catedu.es\/radioramiro\/wp-content\/uploads\/sites\/142\/2021\/03\/thumbnail_IMG_20210304_105059-300x225.jpg\" alt=\"\" width=\"300\" height=\"225\" srcset=\"https:\/\/wp.catedu.es\/radioramiro\/wp-content\/uploads\/sites\/142\/2021\/03\/thumbnail_IMG_20210304_105059-300x225.jpg 300w, https:\/\/wp.catedu.es\/radioramiro\/wp-content\/uploads\/sites\/142\/2021\/03\/thumbnail_IMG_20210304_105059-700x525.jpg 700w, https:\/\/wp.catedu.es\/radioramiro\/wp-content\/uploads\/sites\/142\/2021\/03\/thumbnail_IMG_20210304_105059-768x576.jpg 768w, https:\/\/wp.catedu.es\/radioramiro\/wp-content\/uploads\/sites\/142\/2021\/03\/thumbnail_IMG_20210304_105059.jpg 1280w\" sizes=\"auto, (max-width: 300px) 100vw, 300px\" \/> <img loading=\"lazy\" decoding=\"async\" class=\"alignnone size-medium wp-image-422\" src=\"http:\/\/wp.catedu.es\/radioramiro\/wp-content\/uploads\/sites\/142\/2021\/03\/image-300x240.png\" alt=\"\" width=\"300\" height=\"240\" srcset=\"https:\/\/wp.catedu.es\/radioramiro\/wp-content\/uploads\/sites\/142\/2021\/03\/image-300x240.png 300w, https:\/\/wp.catedu.es\/radioramiro\/wp-content\/uploads\/sites\/142\/2021\/03\/image-700x559.png 700w, https:\/\/wp.catedu.es\/radioramiro\/wp-content\/uploads\/sites\/142\/2021\/03\/image-768x613.png 768w, https:\/\/wp.catedu.es\/radioramiro\/wp-content\/uploads\/sites\/142\/2021\/03\/image.png 1200w\" sizes=\"auto, (max-width: 300px) 100vw, 300px\" \/><\/p>\n<p><strong>T\u00edtulo: <\/strong>Georgia O&#8217;Keffee<\/p>\n<p><strong>Locutores: <\/strong>El alumnado de 2\u00ba B de educaci\u00f3n primaria.<\/p>\n<p><strong>Descripci\u00f3n:<\/strong> Desde 2\u00baB nos hace mucha ilusi\u00f3n presentaros a Georgia O&#8217;Keffee; una gran artista que hemos conocido gracias a la celebraci\u00f3n del 8 de marzo. Nos gustar\u00eda aclarar que naci\u00f3 en el a\u00f1o 1887, pero&#8230;.\u00a1un despiste lo tiene cualquiera y m\u00e1s con los nervios de la radio!<\/p>\n<p>Esperamos que os guste y os pique el gusanillo para descubrir sus maravillosos cuadros.<\/p>\n<div><\/div>\n<div><\/div>\n<audio class=\"wp-audio-shortcode\" id=\"audio-418-1\" preload=\"none\" style=\"width: 100%;\" controls=\"controls\"><source type=\"audio\/mpeg\" src=\"http:\/\/wp.catedu.es\/radioramiro\/wp-content\/uploads\/sites\/142\/2021\/03\/Historia-Georgia-Okeeffe.mp3?_=1\" \/><a href=\"http:\/\/wp.catedu.es\/radioramiro\/wp-content\/uploads\/sites\/142\/2021\/03\/Historia-Georgia-Okeeffe.mp3\">http:\/\/wp.catedu.es\/radioramiro\/wp-content\/uploads\/sites\/142\/2021\/03\/Historia-Georgia-Okeeffe.mp3<\/a><\/audio>\n\n<div class=\"twitter-share\"><a href=\"https:\/\/twitter.com\/intent\/tweet?via=CPRamiroSolans\" class=\"twitter-share-button\">Twittear<\/a><\/div>\n","protected":false},"excerpt":{"rendered":"<p>T\u00edtulo: Georgia O&#8217;Keffee Locutores: El alumnado de 2\u00ba B de educaci\u00f3n primaria. Descripci\u00f3n: Desde 2\u00baB nos hace mucha ilusi\u00f3n presentaros a Georgia O&#8217;Keffee; una gran artista que hemos conocido gracias a la celebraci\u00f3n del 8 de marzo. Nos gustar\u00eda aclarar que naci\u00f3 en el a\u00f1o 1887, pero&#8230;.\u00a1un despiste lo tiene cualquiera y m\u00e1s con los&hellip;<\/p>\n","protected":false},"author":274,"featured_media":0,"comment_status":"closed","ping_status":"closed","sticky":false,"template":"","format":"standard","meta":{"footnotes":""},"categories":[10,2,4],"tags":[],"class_list":["post-418","post","type-post","status-publish","format-standard","hentry","category-ramiro-en-la-onda","category-igualdad","category-primaria"],"_links":{"self":[{"href":"https:\/\/wp.catedu.es\/radioramiro\/wp-json\/wp\/v2\/posts\/418","targetHints":{"allow":["GET"]}}],"collection":[{"href":"https:\/\/wp.catedu.es\/radioramiro\/wp-json\/wp\/v2\/posts"}],"about":[{"href":"https:\/\/wp.catedu.es\/radioramiro\/wp-json\/wp\/v2\/types\/post"}],"author":[{"embeddable":true,"href":"https:\/\/wp.catedu.es\/radioramiro\/wp-json\/wp\/v2\/users\/274"}],"replies":[{"embeddable":true,"href":"https:\/\/wp.catedu.es\/radioramiro\/wp-json\/wp\/v2\/comments?post=418"}],"version-history":[{"count":2,"href":"https:\/\/wp.catedu.es\/radioramiro\/wp-json\/wp\/v2\/posts\/418\/revisions"}],"predecessor-version":[{"id":424,"href":"https:\/\/wp.catedu.es\/radioramiro\/wp-json\/wp\/v2\/posts\/418\/revisions\/424"}],"wp:attachment":[{"href":"https:\/\/wp.catedu.es\/radioramiro\/wp-json\/wp\/v2\/media?parent=418"}],"wp:term":[{"taxonomy":"category","embeddable":true,"href":"https:\/\/wp.catedu.es\/radioramiro\/wp-json\/wp\/v2\/categories?post=418"},{"taxonomy":"post_tag","embeddable":true,"href":"https:\/\/wp.catedu.es\/radioramiro\/wp-json\/wp\/v2\/tags?post=418"}],"curies":[{"name":"wp","href":"https:\/\/api.w.org\/{rel}","templated":true}]}}