{"id":749,"date":"2022-12-15T21:55:37","date_gmt":"2022-12-15T20:55:37","guid":{"rendered":"https:\/\/wp.catedu.es\/radioramiro\/?p=749"},"modified":"2022-12-15T21:58:42","modified_gmt":"2022-12-15T20:58:42","slug":"los-dias-de-la-semana","status":"publish","type":"post","link":"https:\/\/wp.catedu.es\/radioramiro\/los-dias-de-la-semana\/","title":{"rendered":"Los d\u00edas de la semana"},"content":{"rendered":"<p><img loading=\"lazy\" decoding=\"async\" class=\"size-full wp-image-751 aligncenter\" src=\"http:\/\/wp.catedu.es\/radioramiro\/wp-content\/uploads\/sites\/142\/2022\/12\/descarga.png\" alt=\"\" width=\"225\" height=\"225\" srcset=\"https:\/\/wp.catedu.es\/radioramiro\/wp-content\/uploads\/sites\/142\/2022\/12\/descarga.png 225w, https:\/\/wp.catedu.es\/radioramiro\/wp-content\/uploads\/sites\/142\/2022\/12\/descarga-150x150.png 150w\" sizes=\"auto, (max-width: 225px) 100vw, 225px\" \/><\/p>\n<div><strong>T\u00cdTULO:<\/strong> Los d\u00edas de la semana<\/div>\n<div><\/div>\n<div><strong>LOCUTORES: <\/strong>3\u00ba B de primaria<\/div>\n<div><\/div>\n<div><strong>DESCRIPCI\u00d3N:<\/strong> \u00bfSab\u00e9is por qu\u00e9 los d\u00edas de la semana se llaman as\u00ed? El alumnado de 3\u00ba B ha investigado para salir de dudas. Aqu\u00ed os dejamos el podcast&#8230; \u00a1\u00a1\u00a1Esperamos que os guste!!!<\/div>\n<div><\/div>\n<div>\n<audio class=\"wp-audio-shortcode\" id=\"audio-749-1\" preload=\"none\" style=\"width: 100%;\" controls=\"controls\"><source type=\"audio\/mpeg\" src=\"http:\/\/wp.catedu.es\/radioramiro\/wp-content\/uploads\/sites\/142\/2022\/12\/3ob_los_dias_de_la_semana.mp3?_=1\" \/><a href=\"http:\/\/wp.catedu.es\/radioramiro\/wp-content\/uploads\/sites\/142\/2022\/12\/3ob_los_dias_de_la_semana.mp3\">http:\/\/wp.catedu.es\/radioramiro\/wp-content\/uploads\/sites\/142\/2022\/12\/3ob_los_dias_de_la_semana.mp3<\/a><\/audio>\n<\/div>\n\n<div class=\"twitter-share\"><a href=\"https:\/\/twitter.com\/intent\/tweet?via=CPRamiroSolans\" class=\"twitter-share-button\">Twittear<\/a><\/div>\n","protected":false},"excerpt":{"rendered":"<p>T\u00cdTULO: Los d\u00edas de la semana LOCUTORES: 3\u00ba B de primaria DESCRIPCI\u00d3N: \u00bfSab\u00e9is por qu\u00e9 los d\u00edas de la semana se llaman as\u00ed? El alumnado de 3\u00ba B ha investigado para salir de dudas. Aqu\u00ed os dejamos el podcast&#8230; \u00a1\u00a1\u00a1Esperamos que os guste!!!<\/p>\n","protected":false},"author":274,"featured_media":0,"comment_status":"closed","ping_status":"closed","sticky":false,"template":"","format":"standard","meta":{"footnotes":""},"categories":[10,4],"tags":[],"class_list":["post-749","post","type-post","status-publish","format-standard","hentry","category-ramiro-en-la-onda","category-primaria"],"_links":{"self":[{"href":"https:\/\/wp.catedu.es\/radioramiro\/wp-json\/wp\/v2\/posts\/749","targetHints":{"allow":["GET"]}}],"collection":[{"href":"https:\/\/wp.catedu.es\/radioramiro\/wp-json\/wp\/v2\/posts"}],"about":[{"href":"https:\/\/wp.catedu.es\/radioramiro\/wp-json\/wp\/v2\/types\/post"}],"author":[{"embeddable":true,"href":"https:\/\/wp.catedu.es\/radioramiro\/wp-json\/wp\/v2\/users\/274"}],"replies":[{"embeddable":true,"href":"https:\/\/wp.catedu.es\/radioramiro\/wp-json\/wp\/v2\/comments?post=749"}],"version-history":[{"count":1,"href":"https:\/\/wp.catedu.es\/radioramiro\/wp-json\/wp\/v2\/posts\/749\/revisions"}],"predecessor-version":[{"id":752,"href":"https:\/\/wp.catedu.es\/radioramiro\/wp-json\/wp\/v2\/posts\/749\/revisions\/752"}],"wp:attachment":[{"href":"https:\/\/wp.catedu.es\/radioramiro\/wp-json\/wp\/v2\/media?parent=749"}],"wp:term":[{"taxonomy":"category","embeddable":true,"href":"https:\/\/wp.catedu.es\/radioramiro\/wp-json\/wp\/v2\/categories?post=749"},{"taxonomy":"post_tag","embeddable":true,"href":"https:\/\/wp.catedu.es\/radioramiro\/wp-json\/wp\/v2\/tags?post=749"}],"curies":[{"name":"wp","href":"https:\/\/api.w.org\/{rel}","templated":true}]}}