{"id":795,"date":"2023-04-05T10:28:57","date_gmt":"2023-04-05T08:28:57","guid":{"rendered":"https:\/\/wp.catedu.es\/radioramiro\/?p=795"},"modified":"2023-04-05T10:28:57","modified_gmt":"2023-04-05T08:28:57","slug":"las-mujeres-en-la-musica","status":"publish","type":"post","link":"https:\/\/wp.catedu.es\/radioramiro\/las-mujeres-en-la-musica\/","title":{"rendered":"Las mujeres en la m\u00fasica"},"content":{"rendered":"<p><strong>T\u00edtulo:<\/strong> Las mujeres en la m\u00fasica.<br \/>\n<strong>Locutores:<\/strong> Fatou Dejabi y Rahil Balbal.<br \/>\n<strong>Descripci\u00f3n:<\/strong> El alumnado de primer y segundo ciclo de primaria nos cuentan c\u00f3mo han trabajado el proyecto de centro dedicado a las mujeres en la m\u00fasica y que tuvo como colof\u00f3n la exposici\u00f3n de trabajos el d\u00eda 8 de marzo, D\u00eda Internacional de la Mujer.<\/p>\n<p>&nbsp;<\/p>\n<audio class=\"wp-audio-shortcode\" id=\"audio-795-1\" preload=\"none\" style=\"width: 100%;\" controls=\"controls\"><source type=\"audio\/mpeg\" src=\"http:\/\/wp.catedu.es\/radioramiro\/wp-content\/uploads\/sites\/142\/2023\/04\/8M-FINAL.mp3?_=1\" \/><a href=\"http:\/\/wp.catedu.es\/radioramiro\/wp-content\/uploads\/sites\/142\/2023\/04\/8M-FINAL.mp3\">http:\/\/wp.catedu.es\/radioramiro\/wp-content\/uploads\/sites\/142\/2023\/04\/8M-FINAL.mp3<\/a><\/audio>\n<p><a href=\"https:\/\/drive.google.com\/file\/d\/1rApdNzxKnkBCjXhak4ACSrx3sLu7ZYhp\/view?usp=sharing\">Aqu\u00ed<\/a> os dejemos un v\u00eddeo resumen de todas las mujeres en la m\u00fasica trabajadas por todo el alumnado del cole.<\/p>\n<p>\u00a1\u00a1Esperamos que os guste!!<\/p>\n\n<div class=\"twitter-share\"><a href=\"https:\/\/twitter.com\/intent\/tweet?via=CPRamiroSolans\" class=\"twitter-share-button\">Twittear<\/a><\/div>\n","protected":false},"excerpt":{"rendered":"<p>T\u00edtulo: Las mujeres en la m\u00fasica. Locutores: Fatou Dejabi y Rahil Balbal. Descripci\u00f3n: El alumnado de primer y segundo ciclo de primaria nos cuentan c\u00f3mo han trabajado el proyecto de centro dedicado a las mujeres en la m\u00fasica y que tuvo como colof\u00f3n la exposici\u00f3n de trabajos el d\u00eda 8 de marzo, D\u00eda Internacional de&hellip;<\/p>\n","protected":false},"author":274,"featured_media":0,"comment_status":"closed","ping_status":"closed","sticky":false,"template":"","format":"standard","meta":{"footnotes":""},"categories":[10,2,5,4],"tags":[],"class_list":["post-795","post","type-post","status-publish","format-standard","hentry","category-ramiro-en-la-onda","category-igualdad","category-infantil","category-primaria"],"_links":{"self":[{"href":"https:\/\/wp.catedu.es\/radioramiro\/wp-json\/wp\/v2\/posts\/795","targetHints":{"allow":["GET"]}}],"collection":[{"href":"https:\/\/wp.catedu.es\/radioramiro\/wp-json\/wp\/v2\/posts"}],"about":[{"href":"https:\/\/wp.catedu.es\/radioramiro\/wp-json\/wp\/v2\/types\/post"}],"author":[{"embeddable":true,"href":"https:\/\/wp.catedu.es\/radioramiro\/wp-json\/wp\/v2\/users\/274"}],"replies":[{"embeddable":true,"href":"https:\/\/wp.catedu.es\/radioramiro\/wp-json\/wp\/v2\/comments?post=795"}],"version-history":[{"count":2,"href":"https:\/\/wp.catedu.es\/radioramiro\/wp-json\/wp\/v2\/posts\/795\/revisions"}],"predecessor-version":[{"id":798,"href":"https:\/\/wp.catedu.es\/radioramiro\/wp-json\/wp\/v2\/posts\/795\/revisions\/798"}],"wp:attachment":[{"href":"https:\/\/wp.catedu.es\/radioramiro\/wp-json\/wp\/v2\/media?parent=795"}],"wp:term":[{"taxonomy":"category","embeddable":true,"href":"https:\/\/wp.catedu.es\/radioramiro\/wp-json\/wp\/v2\/categories?post=795"},{"taxonomy":"post_tag","embeddable":true,"href":"https:\/\/wp.catedu.es\/radioramiro\/wp-json\/wp\/v2\/tags?post=795"}],"curies":[{"name":"wp","href":"https:\/\/api.w.org\/{rel}","templated":true}]}}