{"id":874,"date":"2024-02-11T22:59:30","date_gmt":"2024-02-11T21:59:30","guid":{"rendered":"https:\/\/wp.catedu.es\/radioramiro\/?p=874"},"modified":"2024-02-11T22:59:32","modified_gmt":"2024-02-11T21:59:32","slug":"guernica","status":"publish","type":"post","link":"https:\/\/wp.catedu.es\/radioramiro\/guernica\/","title":{"rendered":"Guernica"},"content":{"rendered":"<div class=\"wp-block-image\">\n<figure class=\"aligncenter size-full\"><img loading=\"lazy\" decoding=\"async\" width=\"334\" height=\"151\" src=\"https:\/\/wp.catedu.es\/radioramiro\/wp-content\/uploads\/sites\/142\/2024\/02\/descarga.jpg\" alt=\"\" class=\"wp-image-876\" srcset=\"https:\/\/wp.catedu.es\/radioramiro\/wp-content\/uploads\/sites\/142\/2024\/02\/descarga.jpg 334w, https:\/\/wp.catedu.es\/radioramiro\/wp-content\/uploads\/sites\/142\/2024\/02\/descarga-300x136.jpg 300w\" sizes=\"auto, (max-width: 334px) 100vw, 334px\" \/><\/figure>\n<\/div>\n\n\n<p><strong>T\u00edtulo:\u00a0<\/strong>Guernica<\/p>\n\n\n\n<p><strong>Locutores:<\/strong>&nbsp;Alumnado de 4\u00ba de E.P.<\/p>\n\n\n\n<p><strong>Descripci\u00f3n:\u00a0<\/strong>\u00bfQue relaci\u00f3n tienen &#8220;La Vuelta al Mundo&#8221; con &#8220;Europa&#8221; con &#8220;El Cubismo&#8221; y con la PAZ?&#8230; qu\u00e9date con este podcast y lo ver\u00e1s&#8230;<\/p>\n\n\n\n<p>Esperamos que os guste!!!<\/p>\n\n\n\n<figure class=\"wp-block-audio\"><audio controls src=\"https:\/\/wp.catedu.es\/radioramiro\/wp-content\/uploads\/sites\/142\/2024\/02\/Guernica-4o-B.mp3\"><\/audio><\/figure>\n\n\n\n<p><\/p>\n\n<div class=\"twitter-share\"><a href=\"https:\/\/twitter.com\/intent\/tweet?via=CPRamiroSolans\" class=\"twitter-share-button\">Twittear<\/a><\/div>\n","protected":false},"excerpt":{"rendered":"<p>T\u00edtulo:\u00a0Guernica Locutores:&nbsp;Alumnado de 4\u00ba de E.P. Descripci\u00f3n:\u00a0\u00bfQue relaci\u00f3n tienen &#8220;La Vuelta al Mundo&#8221; con &#8220;Europa&#8221; con &#8220;El Cubismo&#8221; y con la PAZ?&#8230; qu\u00e9date con este podcast y lo ver\u00e1s&#8230; Esperamos que os guste!!!<\/p>\n","protected":false},"author":274,"featured_media":0,"comment_status":"closed","ping_status":"closed","sticky":false,"template":"","format":"standard","meta":{"footnotes":""},"categories":[10,3,4],"tags":[],"class_list":["post-874","post","type-post","status-publish","format-standard","hentry","category-ramiro-en-la-onda","category-convivencia","category-primaria"],"_links":{"self":[{"href":"https:\/\/wp.catedu.es\/radioramiro\/wp-json\/wp\/v2\/posts\/874","targetHints":{"allow":["GET"]}}],"collection":[{"href":"https:\/\/wp.catedu.es\/radioramiro\/wp-json\/wp\/v2\/posts"}],"about":[{"href":"https:\/\/wp.catedu.es\/radioramiro\/wp-json\/wp\/v2\/types\/post"}],"author":[{"embeddable":true,"href":"https:\/\/wp.catedu.es\/radioramiro\/wp-json\/wp\/v2\/users\/274"}],"replies":[{"embeddable":true,"href":"https:\/\/wp.catedu.es\/radioramiro\/wp-json\/wp\/v2\/comments?post=874"}],"version-history":[{"count":1,"href":"https:\/\/wp.catedu.es\/radioramiro\/wp-json\/wp\/v2\/posts\/874\/revisions"}],"predecessor-version":[{"id":877,"href":"https:\/\/wp.catedu.es\/radioramiro\/wp-json\/wp\/v2\/posts\/874\/revisions\/877"}],"wp:attachment":[{"href":"https:\/\/wp.catedu.es\/radioramiro\/wp-json\/wp\/v2\/media?parent=874"}],"wp:term":[{"taxonomy":"category","embeddable":true,"href":"https:\/\/wp.catedu.es\/radioramiro\/wp-json\/wp\/v2\/categories?post=874"},{"taxonomy":"post_tag","embeddable":true,"href":"https:\/\/wp.catedu.es\/radioramiro\/wp-json\/wp\/v2\/tags?post=874"}],"curies":[{"name":"wp","href":"https:\/\/api.w.org\/{rel}","templated":true}]}}