{"id":988,"date":"2024-11-20T09:28:01","date_gmt":"2024-11-20T08:28:01","guid":{"rendered":"https:\/\/wp.catedu.es\/radioramiro\/?p=988"},"modified":"2024-12-12T16:46:22","modified_gmt":"2024-12-12T15:46:22","slug":"20-n-dia-mundial-de-la-infancia","status":"publish","type":"post","link":"https:\/\/wp.catedu.es\/radioramiro\/20-n-dia-mundial-de-la-infancia\/","title":{"rendered":"20 N. D\u00eda Mundial de la Infancia"},"content":{"rendered":"<p><strong>T\u00edtulo: <\/strong>D\u00eda Mundial de la infancia<\/p>\n<p><strong>T\u00e9cnicos:<\/strong> Alumnado de 6\u00ba de primaria<\/p>\n<p><strong>Presentadores<\/strong>: Alumnado de 6\u00ba de primaria<\/p>\n<p><strong>Locutores:<\/strong> Todo el alumando del CEIP Ramiro Sol\u00e1ns<\/p>\n<p><strong>Descripci\u00f3n: <\/strong>El CEIP Ramiro Solans vuelve a volcarse este a\u00f1o en la defensa y promoci\u00f3n de los Derechos de la Infancia. No os perd\u00e1is el programa completo, \u00a1os encantar\u00e1! Queremos expresar nuestro m\u00e1s sincero agradecimiento a todas las personas que han participado en la creaci\u00f3n de este programa. En especial, queremos hacer una menci\u00f3n destacada a Diana del PIEE, cuya colaboraci\u00f3n ha sido imprescindible para que este proyecto de Radio Ramiro se hiciera realidad. Mil gracias, Diana, por tu dedicaci\u00f3n y apoyo. Para escuchar el programa completo, \u00a1no dud\u00e9is en hacerlo!\u00a0pinchad <a href=\"https:\/\/drive.google.com\/file\/d\/13VMziCtsFASggpcKTNO1o-5VIt0rnS1Z\/view?usp=sharing\">aqu\u00ed<\/a>.<\/p>\n<ul>\n<li style=\"list-style-type: none;\">\n<ul>\n<li>Minuto 0:00. Presentacion del programa y debate de 6\u00ba de primaria<\/li>\n<li>Minuto 12:10. 4\u00ba de primaria nos habla del cuento de &#8220;El ni\u00f1o gigante&#8221;<\/li>\n<li>Minuto 17:15. 3\u00ba de primaria nos cuenta el cuento &#8220;Solo los 2 ni\u00f1os&#8221;<\/li>\n<li>Minuto 20:45. 1\u00ba de primaria y su poema &#8220;Cuidemos el agua&#8221;<\/li>\n<li>Minuto 24:05. 2\u00ba de primaria y su poema \u201cNi\u00f1os y ni\u00f1as con derechos = a ni\u00f1os y ni\u00f1as con futuro\u201d<\/li>\n<li>Minuto 27:20. 3 a\u00f1os nos env\u00eda un audio con una canci\u00f3n<\/li>\n<li>Minuto 31:00. 4 y 5 a\u00f1os nos hablan de la importancia del juego.<\/li>\n<li>Minuto 37:20. 5\u00ba y 6\u00ba realizan un debate y concluyen el programa<\/li>\n<\/ul>\n<\/li>\n<\/ul>\n<p>&nbsp;<\/p>\n\n<div class=\"twitter-share\"><a href=\"https:\/\/twitter.com\/intent\/tweet?via=CPRamiroSolans\" class=\"twitter-share-button\">Twittear<\/a><\/div>\n","protected":false},"excerpt":{"rendered":"<p>T\u00edtulo: D\u00eda Mundial de la infancia T\u00e9cnicos: Alumnado de 6\u00ba de primaria Presentadores: Alumnado de 6\u00ba de primaria Locutores: Todo el alumando del CEIP Ramiro Sol\u00e1ns Descripci\u00f3n: El CEIP Ramiro Solans vuelve a volcarse este a\u00f1o en la defensa y promoci\u00f3n de los Derechos de la Infancia. No os perd\u00e1is el programa completo, \u00a1os encantar\u00e1!&hellip;<\/p>\n","protected":false},"author":274,"featured_media":0,"comment_status":"closed","ping_status":"closed","sticky":false,"template":"","format":"standard","meta":{"footnotes":""},"categories":[10,3,5,4],"tags":[],"class_list":["post-988","post","type-post","status-publish","format-standard","hentry","category-ramiro-en-la-onda","category-convivencia","category-infantil","category-primaria"],"_links":{"self":[{"href":"https:\/\/wp.catedu.es\/radioramiro\/wp-json\/wp\/v2\/posts\/988","targetHints":{"allow":["GET"]}}],"collection":[{"href":"https:\/\/wp.catedu.es\/radioramiro\/wp-json\/wp\/v2\/posts"}],"about":[{"href":"https:\/\/wp.catedu.es\/radioramiro\/wp-json\/wp\/v2\/types\/post"}],"author":[{"embeddable":true,"href":"https:\/\/wp.catedu.es\/radioramiro\/wp-json\/wp\/v2\/users\/274"}],"replies":[{"embeddable":true,"href":"https:\/\/wp.catedu.es\/radioramiro\/wp-json\/wp\/v2\/comments?post=988"}],"version-history":[{"count":7,"href":"https:\/\/wp.catedu.es\/radioramiro\/wp-json\/wp\/v2\/posts\/988\/revisions"}],"predecessor-version":[{"id":995,"href":"https:\/\/wp.catedu.es\/radioramiro\/wp-json\/wp\/v2\/posts\/988\/revisions\/995"}],"wp:attachment":[{"href":"https:\/\/wp.catedu.es\/radioramiro\/wp-json\/wp\/v2\/media?parent=988"}],"wp:term":[{"taxonomy":"category","embeddable":true,"href":"https:\/\/wp.catedu.es\/radioramiro\/wp-json\/wp\/v2\/categories?post=988"},{"taxonomy":"post_tag","embeddable":true,"href":"https:\/\/wp.catedu.es\/radioramiro\/wp-json\/wp\/v2\/tags?post=988"}],"curies":[{"name":"wp","href":"https:\/\/api.w.org\/{rel}","templated":true}]}}