{"id":1499,"date":"2024-05-27T16:28:09","date_gmt":"2024-05-27T15:28:09","guid":{"rendered":"https:\/\/wp.catedu.es\/zgzsur\/?p=1499"},"modified":"2024-05-27T16:29:20","modified_gmt":"2024-05-27T15:29:20","slug":"curriculo-evaluacion-ei-ep","status":"publish","type":"post","link":"https:\/\/wp.catedu.es\/zgzsur\/curriculo-evaluacion-ei-ep\/","title":{"rendered":"CURR\u00cdCULO \/ EVALUACI\u00d3N   EI. EP."},"content":{"rendered":"\n<div class=\"twitter-share\"><a href=\"https:\/\/twitter.com\/intent\/tweet?via=cpizaragozasur\" class=\"twitter-share-button\" data-size=\"large\">Twittear<\/a><\/div>\n\n<p><\/p>\n\n\n\n<p><\/p>\n\n\n\n<p><a href=\"https:\/\/drive.google.com\/file\/d\/1NYuOi6n0a0X_8c59cl92LkK1aadQXmxy\/view?usp=drive_link\">1.- ORDEN ECD\/853\/2022, de 13 de junio, por la que se aprueban el curr\u00edculo y las caracter\u00edsticas de la evaluaci\u00f3n de la <strong><mark style=\"background-color:rgba(0, 0, 0, 0)\" class=\"has-inline-color has-vivid-red-color\">Educaci\u00f3n Infantil<\/mark> <\/strong>y se autoriza su aplicaci\u00f3n en los centros docentes de la Comunidad Aut\u00f3noma de Arag\u00f3n.<\/a><\/p>\n\n\n\n<p><\/p>\n\n\n\n<p><a href=\"https:\/\/drive.google.com\/file\/d\/1dkphyzWyfYjofpAC2pNhjQ3EfCW6IrbI\/view?usp=drive_link\">2.- ORDEN ECD\/1112\/2022, de 18 de julio, por la que se aprueban el curr\u00edculo y las caracter\u00edsticas de la evaluaci\u00f3n de la <strong><mark style=\"background-color:rgba(0, 0, 0, 0)\" class=\"has-inline-color has-vivid-red-color\">Educaci\u00f3n Primaria<\/mark><\/strong> y se autoriza su aplicaci\u00f3n en los centros docentes de la Comunidad Aut\u00f3noma de Arag\u00f3n.<\/a><\/p>\n\n\n\n<p><\/p>\n\n\n\n<p><\/p>\n\n<div class=\"twitter-share\"><a href=\"https:\/\/twitter.com\/intent\/tweet?via=cpizaragozasur\" class=\"twitter-share-button\" data-size=\"large\">Twittear<\/a><\/div>\n","protected":false},"excerpt":{"rendered":"<p>1.- ORDEN ECD\/853\/2022, de 13 de junio, por la que se aprueban el curr\u00edculo y las caracter\u00edsticas de la evaluaci\u00f3n de la Educaci\u00f3n Infantil y se autoriza su aplicaci\u00f3n en&#8230;<\/p>\n","protected":false},"author":355,"featured_media":0,"comment_status":"closed","ping_status":"closed","sticky":false,"template":"","format":"standard","meta":{"_s2mail":"yes","footnotes":""},"categories":[1],"tags":[],"class_list":["post-1499","post","type-post","status-publish","format-standard","hentry","category-android"],"_links":{"self":[{"href":"https:\/\/wp.catedu.es\/zgzsur\/wp-json\/wp\/v2\/posts\/1499","targetHints":{"allow":["GET"]}}],"collection":[{"href":"https:\/\/wp.catedu.es\/zgzsur\/wp-json\/wp\/v2\/posts"}],"about":[{"href":"https:\/\/wp.catedu.es\/zgzsur\/wp-json\/wp\/v2\/types\/post"}],"author":[{"embeddable":true,"href":"https:\/\/wp.catedu.es\/zgzsur\/wp-json\/wp\/v2\/users\/355"}],"replies":[{"embeddable":true,"href":"https:\/\/wp.catedu.es\/zgzsur\/wp-json\/wp\/v2\/comments?post=1499"}],"version-history":[{"count":2,"href":"https:\/\/wp.catedu.es\/zgzsur\/wp-json\/wp\/v2\/posts\/1499\/revisions"}],"predecessor-version":[{"id":1502,"href":"https:\/\/wp.catedu.es\/zgzsur\/wp-json\/wp\/v2\/posts\/1499\/revisions\/1502"}],"wp:attachment":[{"href":"https:\/\/wp.catedu.es\/zgzsur\/wp-json\/wp\/v2\/media?parent=1499"}],"wp:term":[{"taxonomy":"category","embeddable":true,"href":"https:\/\/wp.catedu.es\/zgzsur\/wp-json\/wp\/v2\/categories?post=1499"},{"taxonomy":"post_tag","embeddable":true,"href":"https:\/\/wp.catedu.es\/zgzsur\/wp-json\/wp\/v2\/tags?post=1499"}],"curies":[{"name":"wp","href":"https:\/\/api.w.org\/{rel}","templated":true}]}}