{"id":531,"date":"2022-05-01T07:08:41","date_gmt":"2022-05-01T06:08:41","guid":{"rendered":"https:\/\/wp.catedu.es\/zgzsur\/?p=531"},"modified":"2022-05-01T07:08:41","modified_gmt":"2022-05-01T06:08:41","slug":"marco-de-referencia-cdd","status":"publish","type":"post","link":"https:\/\/wp.catedu.es\/zgzsur\/marco-de-referencia-cdd\/","title":{"rendered":"Marco de Referencia CDD"},"content":{"rendered":"\n<div class=\"twitter-share\"><a href=\"https:\/\/twitter.com\/intent\/tweet?text=Marco%20de%20refencia%20de%20la%20Commpetencia%20Digital%20Docente&#038;hashtags=CDD%2CMARCO_REFERENCIA&#038;via=cpizaragozasur\" class=\"twitter-share-button\" data-size=\"large\">Twittear<\/a><\/div>\n<p><span class=\"css-901oao css-16my406 r-poiln3 r-bcqeeo r-qvutc0\">\u00bfD\u00f3nde puedo leer el nuevo Marco de Referencia de la Competencia Digital Docente? <\/span><span class=\"css-901oao css-16my406 r-poiln3 r-bcqeeo r-qvutc0\">Est\u00e1 publicado en <\/span><a class=\"css-4rbku5 css-18t94o4 css-901oao css-16my406 r-1cvl2hr r-1loqt21 r-poiln3 r-bcqeeo r-qvutc0\" dir=\"ltr\" role=\"link\" href=\"https:\/\/intef.es\/Noticias\/actualizacion-del-marco-de-referencia-de-la-competencia-digital-docente\/\" target=\"_blank\" rel=\"noopener noreferrer\"><span class=\"css-901oao css-16my406 r-poiln3 r-hiw28u r-qvk6io r-bcqeeo r-qvutc0\" aria-hidden=\"true\">https:\/\/INTEX- MARCO DE REFERENCIA \u00a0 \u00a0 \u00a0 <\/span><\/a><span class=\"css-901oao css-16my406 r-poiln3 r-bcqeeo r-qvutc0\">\u200d<\/span><\/p>\n<p><span class=\"css-901oao css-16my406 r-poiln3 r-bcqeeo r-qvutc0\"> De momento es Borrador, est\u00e1 elevado a la Conferencia Sectorial de Educaci\u00f3n pendiente de aprobaci\u00f3n.<\/span><\/p>\n<p>___________________________________________________________________________________<\/p>\n<header class=\"entry-header\">\n<h1 class=\"entry-title-blog\"><a href=\"https:\/\/intef.es\/wp-content\/uploads\/2022\/03\/MRCDD_V06B_GTTA.pdf\">Actualizaci\u00f3n del Marco de Referencia de la Competencia Digital Docente<\/a><\/h1>\n<p class=\"fecha\"><time datetime=\"07-03-2022\">07-03-2022<\/time><\/p>\n<\/header>\n<div class=\"entry-content\">\n<p>En este momento de cambio, en el que todo evoluciona a velocidad vertiginosa y las tecnolog\u00edas digitales son cada vez m\u00e1s importantes en el d\u00eda a d\u00eda, nuestros j\u00f3venes han de llegar a ser digitalmente competentes para lograr su pleno desarrollo e integraci\u00f3n en la sociedad. Para superar este reto no basta con que el profesorado adquiera un satisfactorio grado de competencia digital ciudadana, es preciso que integre de forma apropiada y efectiva el uso de las tecnolog\u00edas digitales en su desempe\u00f1o docente.<\/p>\n<p>Por este motivo, las Comunidades Aut\u00f3nomas y el Ministerio de Educaci\u00f3n y Formaci\u00f3n Profesional han estimado necesario actualizar el marco aprobado el 14 de mayo de 2020 y adecuarlo al nuevo contexto educativo, partiendo de un enfoque diferente, centrado en las funciones profesionales del profesorado. Para ello se ha constituido una ponencia dependiente del Grupo de Trabajo de Tecnolog\u00edas del Aprendizaje (GTTA), formada por representantes de todas las Administraciones educativas, que, durante 2021, ha estado trabajando en la revisi\u00f3n y actualizaci\u00f3n del marco anterior.<\/p>\n<p>El documento presentado en este\u00a0<i>post<\/i>\u00a0es el producto del trabajo conjunto realizado en la ponencia t\u00e9cnica. El GTTA aprob\u00f3 este nuevo marco en su reuni\u00f3n del pasado 19 de enero y lo ha elevado a la Conferencia Sectorial de Educaci\u00f3n para que, si procede, sea tambi\u00e9n aprobado. Es una propuesta de marco dirigida a todo el profesorado que imparte las ense\u00f1anzas reguladas por la Ley Org\u00e1nica de Educaci\u00f3n, en la que se ha buscado la convergencia con los marcos europeos de competencia digital ciudadana, de los educadores y de los centros educativos, elaborados por el Joint Research Centre de la Comisi\u00f3n Europea. Partiendo del DigCompEdu, se ha realizado una adaptaci\u00f3n al contexto educativo del Estado espa\u00f1ol y se ha modificado el criterio para establecer los niveles del marco europeo con objeto de adoptar uno que se ajuste a las fases del desarrollo profesional docente, desde su formaci\u00f3n inicial y su incorporaci\u00f3n a la profesi\u00f3n, hasta un ejercicio experto, reflexivo, creativo y cr\u00edtico de la docencia, en el que las tecnolog\u00edas digitales no son un fin, sino un medio m\u00e1s para que todo el alumnado mejore sus aprendizajes.<\/p>\n<p>Os invitamos a que conozc\u00e1is esta propuesta.<\/p>\n<\/div>\n<p><img loading=\"lazy\" decoding=\"async\" class=\"alignnone wp-image-532 size-full\" src=\"http:\/\/wp.catedu.es\/zgzsur\/wp-content\/uploads\/sites\/197\/2022\/05\/2022_0307_Portada_MRCDD-212x300-1.jpg\" alt=\"Marco de Referencia Competencia digital docente\" width=\"212\" height=\"300\" \/><\/p>\n<p><a href=\"https:\/\/intef.es\/wp-content\/uploads\/2022\/03\/MRCDD_V06B_GTTA.pdf\">Haga click AQU\u00cd para Acceder al texto del borrador en PDF<\/a><\/p>\n<p>&nbsp;<\/p>\n<p>cc2<\/p>\n<div class=\"css-1dbjc4n r-1awozwy r-18u37iz r-dnmrzs\">\n<div class=\"css-901oao r-1awozwy r-18jsvk2 r-6koalj r-37j5jr r-a023e6 r-b88u0q r-rjixqe r-bcqeeo r-1udh08x r-1ddef8g r-3s2u2q r-qvutc0\" dir=\"auto\"><span class=\"css-901oao css-16my406 css-bfa6kz r-poiln3 r-bcqeeo r-qvutc0\"><span class=\"css-901oao css-16my406 r-poiln3 r-bcqeeo r-qvutc0\">Maria Gonzalez Benito<\/span><\/span><\/div>\n<div class=\"css-901oao r-18jsvk2 r-xoduu5 r-18u37iz r-1q142lx r-37j5jr r-a023e6 r-16dba41 r-rjixqe r-bcqeeo r-qvutc0\" dir=\"auto\"><\/div>\n<\/div>\n<div class=\"css-1dbjc4n r-18u37iz r-1wbh5a2\">\n<div class=\"css-1dbjc4n\">\n<div class=\"css-901oao css-bfa6kz r-14j79pv r-18u37iz r-37j5jr r-a023e6 r-16dba41 r-rjixqe r-bcqeeo r-qvutc0\" dir=\"ltr\"><span class=\"css-901oao css-16my406 r-poiln3 r-bcqeeo r-qvutc0\">@Mariaglezben<\/span><\/div>\n<\/div>\n<\/div>\n\n<div class=\"twitter-share\"><a href=\"https:\/\/twitter.com\/intent\/tweet?text=Marco%20de%20refencia%20de%20la%20Commpetencia%20Digital%20Docente&#038;hashtags=CDD%2CMARCO_REFERENCIA&#038;via=cpizaragozasur\" class=\"twitter-share-button\" data-size=\"large\">Twittear<\/a><\/div>\n","protected":false},"excerpt":{"rendered":"<p>\u00bfD\u00f3nde puedo leer el nuevo Marco de Referencia de la Competencia Digital Docente? Est\u00e1 publicado en https:\/\/INTEX- MARCO DE REFERENCIA \u00a0 \u00a0 \u00a0 \u200d De momento es Borrador, est\u00e1 elevado&#8230;<\/p>\n","protected":false},"author":355,"featured_media":0,"comment_status":"closed","ping_status":"closed","sticky":false,"template":"","format":"standard","meta":{"_s2mail":"yes","footnotes":""},"categories":[54],"tags":[58,55,56,57],"class_list":["post-531","post","type-post","status-publish","format-standard","hentry","category-competencia-digital-docente","tag-cdd","tag-competencia","tag-digital","tag-docente"],"_links":{"self":[{"href":"https:\/\/wp.catedu.es\/zgzsur\/wp-json\/wp\/v2\/posts\/531","targetHints":{"allow":["GET"]}}],"collection":[{"href":"https:\/\/wp.catedu.es\/zgzsur\/wp-json\/wp\/v2\/posts"}],"about":[{"href":"https:\/\/wp.catedu.es\/zgzsur\/wp-json\/wp\/v2\/types\/post"}],"author":[{"embeddable":true,"href":"https:\/\/wp.catedu.es\/zgzsur\/wp-json\/wp\/v2\/users\/355"}],"replies":[{"embeddable":true,"href":"https:\/\/wp.catedu.es\/zgzsur\/wp-json\/wp\/v2\/comments?post=531"}],"version-history":[{"count":1,"href":"https:\/\/wp.catedu.es\/zgzsur\/wp-json\/wp\/v2\/posts\/531\/revisions"}],"predecessor-version":[{"id":533,"href":"https:\/\/wp.catedu.es\/zgzsur\/wp-json\/wp\/v2\/posts\/531\/revisions\/533"}],"wp:attachment":[{"href":"https:\/\/wp.catedu.es\/zgzsur\/wp-json\/wp\/v2\/media?parent=531"}],"wp:term":[{"taxonomy":"category","embeddable":true,"href":"https:\/\/wp.catedu.es\/zgzsur\/wp-json\/wp\/v2\/categories?post=531"},{"taxonomy":"post_tag","embeddable":true,"href":"https:\/\/wp.catedu.es\/zgzsur\/wp-json\/wp\/v2\/tags?post=531"}],"curies":[{"name":"wp","href":"https:\/\/api.w.org\/{rel}","templated":true}]}}